{"id":559,"date":"2025-12-06T11:43:03","date_gmt":"2025-12-06T11:43:03","guid":{"rendered":"https:\/\/episcopal.org.py\/?p=559"},"modified":"2025-12-06T11:43:03","modified_gmt":"2025-12-06T11:43:03","slug":"mons-mario-melanio-medina-llama-a-construir-una-economia-mas-humana-y-solidaria-en-su-homilia-en-caacupe","status":"publish","type":"post","link":"https:\/\/episcopal.org.py\/?p=559","title":{"rendered":"Mons. Mario Melanio Medina llama a construir una econom\u00eda m\u00e1s humana y solidaria en su homil\u00eda en Caacup\u00e9"},"content":{"rendered":"\n<p>Durante su predicaci\u00f3n en el marco del Novenario de Caacup\u00e9 2025, Mons. Mario Melanio Medina reflexion\u00f3 con firmeza sobre la realidad social, econ\u00f3mica y pol\u00edtica del pa\u00eds, invitando al pueblo de Dios a renovar la conciencia c\u00edvica, la solidaridad y el compromiso con el bien com\u00fan.<\/p>\n\n\n\n<p>El obispo inici\u00f3 recordando que todos los poderes \u2014econ\u00f3mico, pol\u00edtico, social e intelectual\u2014 deben estar al servicio del ser humano, y subray\u00f3 la importancia de que las familias, comunidades y autoridades vivan su responsabilidad desde la justicia, la compasi\u00f3n y la misericordia.<\/p>\n\n\n\n<p>La econom\u00eda y el destino com\u00fan de los bienes<\/p>\n\n\n\n<p>Mons. Medina retom\u00f3 ense\u00f1anzas del Concilio Vaticano II y de la Doctrina Social de la Iglesia, afirmando que \u201cla evangelizaci\u00f3n no ser\u00eda completa si no tuviera en cuenta la vida concreta, personal y social del hombre\u201d. En ese sentido, se\u00f1al\u00f3 que la econom\u00eda debe responder al destino universal de los bienes, creado por Dios para todos, y denunci\u00f3 las situaciones donde ese principio se ve vulnerado:<\/p>\n\n\n\n<p>Desalojos y despojos de campesinos e ind\u00edgenas, a pesar de la abundancia de tierra disponible.<\/p>\n\n\n\n<p>Inequidades salariales y precariedad en el sistema de salud, especialmente respecto al personal de blanco.<\/p>\n\n\n\n<p>Corrupci\u00f3n, evasi\u00f3n y mal uso de recursos p\u00fablicos, que afectan directamente al pueblo m\u00e1s vulnerable.<\/p>\n\n\n\n<p>Mafia de los pagar\u00e9s, que atrapa a familias enteras en deudas impagables y situaciones desesperantes.<\/p>\n\n\n\n<p>Falta de pol\u00edticas p\u00fablicas efectivas, especialmente en educaci\u00f3n, acceso a servicios esenciales y acompa\u00f1amiento a los sectores m\u00e1s necesitados.<\/p>\n\n\n\n<p>\u201cCuando falta la econom\u00eda \u2014dijo\u2014 aparece el sufrimiento. Y ese sufrimiento clama al cielo\u201d.<\/p>\n\n\n\n<p>Llamado a la conciencia y a la participaci\u00f3n responsable<\/p>\n\n\n\n<p>El obispo advirti\u00f3 sobre la p\u00e9rdida del bien com\u00fan y la debilitaci\u00f3n de la \u00e9tica laboral y ciudadana. Se\u00f1al\u00f3 que muchas de estas situaciones revelan la ausencia del Estado all\u00ed donde deber\u00eda estar, y llam\u00f3 a mirar con responsabilidad el momento pol\u00edtico que vive el pa\u00eds.<\/p>\n\n\n\n<p>\u201cNo se puede pretender ser cristianos y desentenderse de las reformas sociales necesarias\u201d, record\u00f3 citando al Concilio.<\/p>\n\n\n\n<p>En varios pasajes anim\u00f3 a superar el fanatismo partidario y la manipulaci\u00f3n de la conciencia, y a ejercer con libertad y madurez la participaci\u00f3n ciudadana:<\/p>\n\n\n\n<p>\u201cHay que pensar, discernir y elegir bien. La pol\u00edtica buena es aquella que busca el bien com\u00fan\u201d.<\/p>\n\n\n\n<p>El sufrimiento del pueblo y el rol de la Iglesia<\/p>\n\n\n\n<p>Mons. Medina hizo memoria de diversas luchas sociales, especialmente de comunidades campesinas, ind\u00edgenas y trabajadores que contin\u00faan reclamando justicia. Reconoci\u00f3 el cansancio del pueblo, pero insisti\u00f3 en que la esperanza no puede perderse:<\/p>\n\n\n\n<p>\u201cLa esperanza nunca se borra; es parte fundamental de nuestra fe\u201d.<\/p>\n\n\n\n<p>Tambi\u00e9n reafirm\u00f3 el compromiso de la Iglesia con la defensa de la vida, la dignidad humana y los derechos sociales, destacando el trabajo de los organismos pastorales y comunidades que acompa\u00f1an a los sectores m\u00e1s vulnerables.<\/p>\n\n\n\n<p>Mar\u00eda, modelo de esperanza para el Paraguay<\/p>\n\n\n\n<p>Finalmente, pidi\u00f3 a la Virgen de Caacup\u00e9 que ilumine la conciencia del pueblo paraguayo, especialmente de los j\u00f3venes, para promover una econom\u00eda m\u00e1s humana, solidaria y centrada en la dignidad de cada persona.<\/p>\n\n\n\n<p>\u201cOremos a Mar\u00eda para que tengamos valor y conciencia para tratar estos temas. Sin escr\u00fapulos y sin miedo. Porque la evangelizaci\u00f3n es completa cuando abraza la vida concreta del hombre.\u201d<\/p>\n\n\n\n<p>Concluy\u00f3 impartiendo su bendici\u00f3n a todos los presentes y a quienes siguen las celebraciones a trav\u00e9s de los medios de comunicaci\u00f3n.<\/p>\n\n\n\n<p>Oficina de Comunicaci\u00f3n y Prensa<\/p>\n\n\n\n<p>Conferencia Episcopal Paraguaya<\/p>\n","protected":false},"excerpt":{"rendered":"<p>Durante su predicaci\u00f3n en el marco del Novenario de Caacup\u00e9 2025, Mons. Mario Melanio Medina reflexion\u00f3 con firmeza sobre la realidad social, econ\u00f3mica y pol\u00edtica del pa\u00eds, invitando al pueblo [&hellip;]<\/p>\n","protected":false},"author":1,"featured_media":560,"comment_status":"open","ping_status":"open","sticky":false,"template":"","format":"standard","meta":{"_monsterinsights_skip_tracking":false,"_monsterinsights_sitenote_active":false,"_monsterinsights_sitenote_note":"","_monsterinsights_sitenote_category":0,"_jetpack_memberships_contains_paid_content":false,"footnotes":""},"categories":[1],"tags":[],"class_list":["post-559","post","type-post","status-publish","format-standard","has-post-thumbnail","hentry","category-uncategorized"],"jetpack_featured_media_url":"https:\/\/episcopal.org.py\/wp-content\/uploads\/2025\/12\/WhatsApp-Image-2025-12-06-at-8.30.47-AM.jpeg","jetpack_sharing_enabled":true,"_links":{"self":[{"href":"https:\/\/episcopal.org.py\/index.php?rest_route=\/wp\/v2\/posts\/559","targetHints":{"allow":["GET"]}}],"collection":[{"href":"https:\/\/episcopal.org.py\/index.php?rest_route=\/wp\/v2\/posts"}],"about":[{"href":"https:\/\/episcopal.org.py\/index.php?rest_route=\/wp\/v2\/types\/post"}],"author":[{"embeddable":true,"href":"https:\/\/episcopal.org.py\/index.php?rest_route=\/wp\/v2\/users\/1"}],"replies":[{"embeddable":true,"href":"https:\/\/episcopal.org.py\/index.php?rest_route=%2Fwp%2Fv2%2Fcomments&post=559"}],"version-history":[{"count":1,"href":"https:\/\/episcopal.org.py\/index.php?rest_route=\/wp\/v2\/posts\/559\/revisions"}],"predecessor-version":[{"id":561,"href":"https:\/\/episcopal.org.py\/index.php?rest_route=\/wp\/v2\/posts\/559\/revisions\/561"}],"wp:featuredmedia":[{"embeddable":true,"href":"https:\/\/episcopal.org.py\/index.php?rest_route=\/wp\/v2\/media\/560"}],"wp:attachment":[{"href":"https:\/\/episcopal.org.py\/index.php?rest_route=%2Fwp%2Fv2%2Fmedia&parent=559"}],"wp:term":[{"taxonomy":"category","embeddable":true,"href":"https:\/\/episcopal.org.py\/index.php?rest_route=%2Fwp%2Fv2%2Fcategories&post=559"},{"taxonomy":"post_tag","embeddable":true,"href":"https:\/\/episcopal.org.py\/index.php?rest_route=%2Fwp%2Fv2%2Ftags&post=559"}],"curies":[{"name":"wp","href":"https:\/\/api.w.org\/{rel}","templated":true}]}}