{"id":550,"date":"2025-12-04T23:36:32","date_gmt":"2025-12-04T23:36:32","guid":{"rendered":"https:\/\/episcopal.org.py\/?p=550"},"modified":"2025-12-04T23:36:32","modified_gmt":"2025-12-04T23:36:32","slug":"mons-osmar-lopez-llama-a-una-fe-autentica-y-a-la-construccion-de-una-justicia-verdadera-en-el-paraguay","status":"publish","type":"post","link":"https:\/\/episcopal.org.py\/?p=550","title":{"rendered":"Mons. Osmar L\u00f3pez llama a una fe aut\u00e9ntica y a la construcci\u00f3n de una justicia verdadera en el Paraguay"},"content":{"rendered":"\n<p>Durante su homil\u00eda en la fiesta de la Virgen de Caacup\u00e9, Mons. Osmar L\u00f3pez, obispo de San Juan Bautista de las Misiones y \u00d1eembuc\u00fa, elev\u00f3 un mensaje profundo en favor del bien com\u00fan, destacando la necesidad urgente de una justicia limpia y un compromiso aut\u00e9ntico de los cristianos con los m\u00e1s vulnerables.<\/p>\n\n\n\n<p>El obispo llev\u00f3 ante la Virgen el saludo de toda su di\u00f3cesis y comparti\u00f3 las luchas cotidianas de los pueblos de Laureles, Villalbin, Desmochado, Mayor Mart\u00ednez y tantas comunidades que siguen so\u00f1ando con caminos de todo tiempo, oportunidades de desarrollo y trabajo digno. Record\u00f3 tambi\u00e9n la situaci\u00f3n de los obreros que dependen de obras como la represa de Yacyret\u00e1 y el sacrificio de miles de familias campesinas que buscan salir adelante.<\/p>\n\n\n\n<p>\u201cVenir a Caacup\u00e9 es buscar a Dios\u201d<\/p>\n\n\n\n<p>Mons. L\u00f3pez subray\u00f3 que la peregrinaci\u00f3n expresa el profundo deseo de encontrarse con Dios. Sin embargo, advirti\u00f3 que la devoci\u00f3n no puede quedarse solo en gestos: \u201cQuiz\u00e1s nos falta un paso m\u00e1s: pasar de una religiosidad de ritos a una religiosidad aut\u00e9ntica, que implica una vida justa\u201d.<\/p>\n\n\n\n<p>Inspirado en el profeta Isa\u00edas, record\u00f3 que el verdadero culto a Dios exige soltar cadenas injustas, liberar a los oprimidos, compartir el pan con el hambriento y no desentenderse del pr\u00f3jimo.<\/p>\n\n\n\n<p>Una fuerte denuncia a la injusticia<\/p>\n\n\n\n<p>El pastor hizo una cr\u00edtica clara al sistema judicial paraguayo:<\/p>\n\n\n\n<p>\u201cLa balanza de Astrea se inclina hacia donde hay dinero y poder. La espada se esconde para decir que no hay pruebas suficientes. Y la venda se saca para observar de qui\u00e9n se trata\u201d, lament\u00f3.<\/p>\n\n\n\n<p>Record\u00f3 que la Constituci\u00f3n pens\u00f3 un equilibrio entre poderes, pero que hoy el Poder Judicial es el m\u00e1s presionado pol\u00edticamente. Cuando la justicia falla \u2014a\u00f1adi\u00f3\u2014 \u201cse fortalece la impunidad y crece la idea de que la ley es para los pobres\u201d.<\/p>\n\n\n\n<p>Aun as\u00ed, alent\u00f3 a no caer en el des\u00e1nimo:<\/p>\n\n\n\n<p>\u201cNo todo est\u00e1 mal. Hay muchos jueces honestos. Necesitamos conocerlos y respaldarlos\u201d.<\/p>\n\n\n\n<p>Justicia cristiana: fe en acci\u00f3n<\/p>\n\n\n\n<p>Mons. L\u00f3pez enfatiz\u00f3 que la Iglesia tiene mucho que aportar a la sociedad si sus fieles se toman en serio el llamado a ser sal y luz del mundo.<\/p>\n\n\n\n<p>La justicia cristiana \u2014explic\u00f3\u2014 no es solo un acto legal, sino una virtud del alma, una manera de vivir la fe en hechos concretos.<\/p>\n\n\n\n<p>Cit\u00f3 a San Juan Cris\u00f3stomo para recordar que Cristo se honra verdaderamente en los pobres:<\/p>\n\n\n\n<p>\u201cNo lo honres con lienzos de seda en el templo si al salir lo dejas abandonado en su fr\u00edo y desnudez\u201d.<\/p>\n\n\n\n<p>Cada gesto \u2014una palabra de aliento, una ayuda desinteresada, un acto de honestidad\u2014 es para los cristianos un gesto hecho a Cristo mismo.<\/p>\n\n\n\n<p>\u201cLa justicia es un bien com\u00fan fundamental\u201d<\/p>\n\n\n\n<p>El obispo concluy\u00f3 invitando a todos los fieles a comprometerse en la construcci\u00f3n de una sociedad m\u00e1s justa y fraterna:<\/p>\n\n\n\n<p>\u201cLa justicia es un bien com\u00fan fundamental. Luchemos por la justicia riendo de nosotros mismos, no sea que predicando a otros nos descalifiquemos a nosotros mismos\u201d.<\/p>\n\n\n\n<p>Oficina de Comunicaci\u00f3n y Prensa<\/p>\n\n\n\n<p>Conferencia Episcopal Paraguaya<\/p>\n","protected":false},"excerpt":{"rendered":"<p>Durante su homil\u00eda en la fiesta de la Virgen de Caacup\u00e9, Mons. Osmar L\u00f3pez, obispo de San Juan Bautista de las Misiones y \u00d1eembuc\u00fa, elev\u00f3 un mensaje profundo en favor [&hellip;]<\/p>\n","protected":false},"author":1,"featured_media":551,"comment_status":"open","ping_status":"open","sticky":false,"template":"","format":"standard","meta":{"_monsterinsights_skip_tracking":false,"_monsterinsights_sitenote_active":false,"_monsterinsights_sitenote_note":"","_monsterinsights_sitenote_category":0,"_jetpack_memberships_contains_paid_content":false,"footnotes":""},"categories":[1],"tags":[],"class_list":["post-550","post","type-post","status-publish","format-standard","has-post-thumbnail","hentry","category-uncategorized"],"jetpack_featured_media_url":"https:\/\/episcopal.org.py\/wp-content\/uploads\/2025\/12\/WhatsApp-Image-2025-12-04-at-8.23.41-PM.jpeg","jetpack_sharing_enabled":true,"_links":{"self":[{"href":"https:\/\/episcopal.org.py\/index.php?rest_route=\/wp\/v2\/posts\/550","targetHints":{"allow":["GET"]}}],"collection":[{"href":"https:\/\/episcopal.org.py\/index.php?rest_route=\/wp\/v2\/posts"}],"about":[{"href":"https:\/\/episcopal.org.py\/index.php?rest_route=\/wp\/v2\/types\/post"}],"author":[{"embeddable":true,"href":"https:\/\/episcopal.org.py\/index.php?rest_route=\/wp\/v2\/users\/1"}],"replies":[{"embeddable":true,"href":"https:\/\/episcopal.org.py\/index.php?rest_route=%2Fwp%2Fv2%2Fcomments&post=550"}],"version-history":[{"count":1,"href":"https:\/\/episcopal.org.py\/index.php?rest_route=\/wp\/v2\/posts\/550\/revisions"}],"predecessor-version":[{"id":552,"href":"https:\/\/episcopal.org.py\/index.php?rest_route=\/wp\/v2\/posts\/550\/revisions\/552"}],"wp:featuredmedia":[{"embeddable":true,"href":"https:\/\/episcopal.org.py\/index.php?rest_route=\/wp\/v2\/media\/551"}],"wp:attachment":[{"href":"https:\/\/episcopal.org.py\/index.php?rest_route=%2Fwp%2Fv2%2Fmedia&parent=550"}],"wp:term":[{"taxonomy":"category","embeddable":true,"href":"https:\/\/episcopal.org.py\/index.php?rest_route=%2Fwp%2Fv2%2Fcategories&post=550"},{"taxonomy":"post_tag","embeddable":true,"href":"https:\/\/episcopal.org.py\/index.php?rest_route=%2Fwp%2Fv2%2Ftags&post=550"}],"curies":[{"name":"wp","href":"https:\/\/api.w.org\/{rel}","templated":true}]}}