{"id":541,"date":"2025-12-03T23:03:01","date_gmt":"2025-12-03T23:03:01","guid":{"rendered":"https:\/\/episcopal.org.py\/?p=541"},"modified":"2025-12-03T23:03:01","modified_gmt":"2025-12-03T23:03:01","slug":"mons-amancio-benitez-llama-a-cuidar-la-salud-integral-del-pueblo-y-de-quienes-lo-atienden","status":"publish","type":"post","link":"https:\/\/episcopal.org.py\/?p=541","title":{"rendered":"Mons. Amancio Ben\u00edtez llama a cuidar la salud integral del pueblo y de quienes lo atienden"},"content":{"rendered":"\n<p>En su homil\u00eda, el obispo de Benjam\u00edn Aceval destac\u00f3 la importancia de los sacramentos como medios de sanaci\u00f3n y pidi\u00f3 a las autoridades nacionales priorizar la salud p\u00fablica, especialmente el bienestar de m\u00e9dicos, enfermeros y adultos mayores.<\/p>\n\n\n\n<p>Durante su reflexi\u00f3n, Mons. Amancio Ben\u00edtez expres\u00f3 que la misi\u00f3n pastoral se sostiene gracias a la oraci\u00f3n y a la intercesi\u00f3n de la Virgen Mar\u00eda. Record\u00f3 que \u201cJes\u00fas siempre act\u00faa cuando escuchamos su Palabra y abrimos el coraz\u00f3n a su gracia\u201d, invitando a todos los fieles a renovar la confianza en Dios y en su presencia sanadora.<\/p>\n\n\n\n<p>Los sacramentos como camino de sanaci\u00f3n<\/p>\n\n\n\n<p>El obispo destac\u00f3 el valor de los sacramentos, especialmente la Reconciliaci\u00f3n y la Unci\u00f3n de los Enfermos, como se\u00f1ales concretas de la misericordia divina. Igualmente subray\u00f3 la centralidad de la Eucarist\u00eda, donde \u201cJesucristo se queda con nosotros y alimenta nuestra fe\u201d.<\/p>\n\n\n\n<p>A\u00f1adi\u00f3 que los sacerdotes, aun desde su humildad humana, sirven como instrumentos indispensables para llevar el perd\u00f3n y la esperanza a las comunidades.<\/p>\n\n\n\n<p>\u201cMuchas heridas del coraz\u00f3n encuentran alivio en los sacramentos\u201d, se\u00f1al\u00f3 al recordar que en este A\u00f1o del Bien Com\u00fan la Iglesia invita a mirar la salud integral como responsabilidad compartida.<\/p>\n\n\n\n<p>Cuidar a quienes cuidan la salud<\/p>\n\n\n\n<p>En un tono firme, Mons. Ben\u00edtez llam\u00f3 la atenci\u00f3n sobre la dif\u00edcil realidad que vive el personal de salud: largas jornadas, recursos insuficientes, ambientes laborales tensos y salarios que no siempre corresponden al peso de su vocaci\u00f3n.<\/p>\n\n\n\n<p>\u201cEl pa\u00eds debe cuidar la salud de quienes cuidan nuestra salud\u201d, afirm\u00f3, dirigi\u00e9ndose a ministros, directores y administradores para que prioricen la inversi\u00f3n en el sistema sanitario y garanticen condiciones dignas para m\u00e9dicos, enfermeros y trabajadores del sector.<\/p>\n\n\n\n<p>El prelado record\u00f3 que la Iglesia, mediante su pastoral, acompa\u00f1a a quienes sufren dolor emocional, f\u00edsico o espiritual, e insisti\u00f3 en que nadie debe quedar sin atenci\u00f3n ni pasar por la enfermedad en soledad o abandono.<\/p>\n\n\n\n<p>Preocupaci\u00f3n por las drogas y el impacto ambiental<\/p>\n\n\n\n<p>El obispo expres\u00f3 su preocupaci\u00f3n por el avance del consumo de drogas y la violencia asociada, que afectan gravemente a los j\u00f3venes y desestabilizan a las familias.<\/p>\n\n\n\n<p>Igualmente denunci\u00f3 la contaminaci\u00f3n provocada por ciertas explotaciones mineras, que ponen en riesgo a comunidades enteras debido al uso de mercurio y cianuro. Advirti\u00f3 que estos da\u00f1os terminan saturando los hospitales y comprometiendo la salud p\u00fablica.<\/p>\n\n\n\n<p>Acompa\u00f1amiento a los adultos mayores<\/p>\n\n\n\n<p>Mons. Ben\u00edtez tambi\u00e9n se refiri\u00f3 a la situaci\u00f3n de muchos adultos mayores que viven con pensiones m\u00ednimas o sin apoyo estatal suficiente.<\/p>\n\n\n\n<p>\u201cEllos merecen respeto, cuidado y gratitud\u201d, afirm\u00f3, llamando a fortalecer pol\u00edticas que protejan la dignidad de quienes han entregado su vida al servicio de sus familias y del pa\u00eds.<\/p>\n\n\n\n<p>Un llamado final a la fraternidad<\/p>\n\n\n\n<p>El obispo concluy\u00f3 su homil\u00eda con un llamado a la unidad del pueblo paraguayo: promover la salud f\u00edsica, emocional y espiritual; fortalecer a las familias; y construir comunidades fraternas, compasivas y responsables.<\/p>\n\n\n\n<p>\u201cPidamos a Dios que sane nuestras heridas y nos ense\u00f1e a cuidar con amor a quienes \u00c9l coloca en nuestro camino\u201d, exhort\u00f3.<\/p>\n\n\n\n<p>#Caacup\u00e92025 #Homil\u00eda #MonsAmancioBen\u00edtez #IglesiaCat\u00f3licaPy #SaludIntegral #BienCom\u00fan #FeYCompromiso #Paraguay<\/p>\n\n\n\n<figure class=\"wp-block-image size-large\"><img loading=\"lazy\" decoding=\"async\" width=\"576\" height=\"1024\" src=\"https:\/\/episcopal.org.py\/wp-content\/uploads\/2025\/12\/WhatsApp-Image-2025-12-03-at-7.48.16-PM-2-576x1024.jpeg\" alt=\"\" class=\"wp-image-543\" srcset=\"https:\/\/episcopal.org.py\/wp-content\/uploads\/2025\/12\/WhatsApp-Image-2025-12-03-at-7.48.16-PM-2-576x1024.jpeg 576w, https:\/\/episcopal.org.py\/wp-content\/uploads\/2025\/12\/WhatsApp-Image-2025-12-03-at-7.48.16-PM-2-169x300.jpeg 169w, https:\/\/episcopal.org.py\/wp-content\/uploads\/2025\/12\/WhatsApp-Image-2025-12-03-at-7.48.16-PM-2-768x1365.jpeg 768w, https:\/\/episcopal.org.py\/wp-content\/uploads\/2025\/12\/WhatsApp-Image-2025-12-03-at-7.48.16-PM-2.jpeg 828w\" sizes=\"auto, (max-width: 576px) 100vw, 576px\" \/><\/figure>\n\n\n\n<figure class=\"wp-block-gallery has-nested-images columns-default is-cropped wp-block-gallery-1 is-layout-flex wp-block-gallery-is-layout-flex\">\n<figure class=\"wp-block-image size-large\"><img loading=\"lazy\" decoding=\"async\" width=\"576\" height=\"1024\" data-id=\"544\" src=\"https:\/\/episcopal.org.py\/wp-content\/uploads\/2025\/12\/WhatsApp-Image-2025-12-03-at-7.48.17-PM-576x1024.jpeg\" alt=\"\" class=\"wp-image-544\" srcset=\"https:\/\/episcopal.org.py\/wp-content\/uploads\/2025\/12\/WhatsApp-Image-2025-12-03-at-7.48.17-PM-576x1024.jpeg 576w, https:\/\/episcopal.org.py\/wp-content\/uploads\/2025\/12\/WhatsApp-Image-2025-12-03-at-7.48.17-PM-169x300.jpeg 169w, https:\/\/episcopal.org.py\/wp-content\/uploads\/2025\/12\/WhatsApp-Image-2025-12-03-at-7.48.17-PM-768x1365.jpeg 768w, https:\/\/episcopal.org.py\/wp-content\/uploads\/2025\/12\/WhatsApp-Image-2025-12-03-at-7.48.17-PM.jpeg 828w\" sizes=\"auto, (max-width: 576px) 100vw, 576px\" \/><\/figure>\n<\/figure>\n","protected":false},"excerpt":{"rendered":"<p>En su homil\u00eda, el obispo de Benjam\u00edn Aceval destac\u00f3 la importancia de los sacramentos como medios de sanaci\u00f3n y pidi\u00f3 a las autoridades nacionales priorizar la salud p\u00fablica, especialmente el [&hellip;]<\/p>\n","protected":false},"author":1,"featured_media":542,"comment_status":"open","ping_status":"open","sticky":false,"template":"","format":"standard","meta":{"_monsterinsights_skip_tracking":false,"_monsterinsights_sitenote_active":false,"_monsterinsights_sitenote_note":"","_monsterinsights_sitenote_category":0,"_jetpack_memberships_contains_paid_content":false,"footnotes":""},"categories":[1],"tags":[],"class_list":["post-541","post","type-post","status-publish","format-standard","has-post-thumbnail","hentry","category-uncategorized"],"jetpack_featured_media_url":"https:\/\/episcopal.org.py\/wp-content\/uploads\/2025\/12\/WhatsApp-Image-2025-12-03-at-7.25.50-PM.jpeg","jetpack_sharing_enabled":true,"_links":{"self":[{"href":"https:\/\/episcopal.org.py\/index.php?rest_route=\/wp\/v2\/posts\/541","targetHints":{"allow":["GET"]}}],"collection":[{"href":"https:\/\/episcopal.org.py\/index.php?rest_route=\/wp\/v2\/posts"}],"about":[{"href":"https:\/\/episcopal.org.py\/index.php?rest_route=\/wp\/v2\/types\/post"}],"author":[{"embeddable":true,"href":"https:\/\/episcopal.org.py\/index.php?rest_route=\/wp\/v2\/users\/1"}],"replies":[{"embeddable":true,"href":"https:\/\/episcopal.org.py\/index.php?rest_route=%2Fwp%2Fv2%2Fcomments&post=541"}],"version-history":[{"count":1,"href":"https:\/\/episcopal.org.py\/index.php?rest_route=\/wp\/v2\/posts\/541\/revisions"}],"predecessor-version":[{"id":545,"href":"https:\/\/episcopal.org.py\/index.php?rest_route=\/wp\/v2\/posts\/541\/revisions\/545"}],"wp:featuredmedia":[{"embeddable":true,"href":"https:\/\/episcopal.org.py\/index.php?rest_route=\/wp\/v2\/media\/542"}],"wp:attachment":[{"href":"https:\/\/episcopal.org.py\/index.php?rest_route=%2Fwp%2Fv2%2Fmedia&parent=541"}],"wp:term":[{"taxonomy":"category","embeddable":true,"href":"https:\/\/episcopal.org.py\/index.php?rest_route=%2Fwp%2Fv2%2Fcategories&post=541"},{"taxonomy":"post_tag","embeddable":true,"href":"https:\/\/episcopal.org.py\/index.php?rest_route=%2Fwp%2Fv2%2Ftags&post=541"}],"curies":[{"name":"wp","href":"https:\/\/api.w.org\/{rel}","templated":true}]}}