{"id":529,"date":"2025-12-02T11:29:01","date_gmt":"2025-12-02T11:29:01","guid":{"rendered":"https:\/\/episcopal.org.py\/?p=529"},"modified":"2025-12-02T11:29:01","modified_gmt":"2025-12-02T11:29:01","slug":"mons-marcelo-benitez-llama-a-una-conversion-ecologica-radical-en-defensa-de-la-casa-comun","status":"publish","type":"post","link":"https:\/\/episcopal.org.py\/?p=529","title":{"rendered":"Mons. Marcelo Ben\u00edtez llama a una \u201cconversi\u00f3n ecol\u00f3gica radical\u201d en defensa de la casa com\u00fan"},"content":{"rendered":"\n<h1 class=\"wp-block-heading\"><\/h1>\n\n\n\n<p>Durante su homil\u00eda en el marco del Novenario de Caacup\u00e9, Mons. Marcelo Ben\u00edtez dirigi\u00f3 un fuerte llamado a tomar conciencia sobre el deterioro ambiental y la urgencia de asumir un compromiso real con el cuidado de la casa com\u00fan. Basado en la ense\u00f1anza del G\u00e9nesis y en la enc\u00edclica <em>Laudato Si\u2019<\/em> del Papa Francisco, el obispo record\u00f3 que \u201ctoda la creaci\u00f3n de Dios es muy buena\u201d y que el ser humano es su custodio.<\/p>\n\n\n\n<h3 class=\"wp-block-heading\"><strong>La creaci\u00f3n amenazada y la crisis clim\u00e1tica<\/strong><\/h3>\n\n\n\n<p>Mons. Ben\u00edtez advirti\u00f3 que los modelos econ\u00f3micos actuales est\u00e1n destruyendo la naturaleza, priorizando ganancias sobre la vida. Se\u00f1al\u00f3 que la madre tierra \u201csufre dolores de parto\u201d por la deforestaci\u00f3n, la contaminaci\u00f3n del agua y del aire, y el uso de potentes agrot\u00f3xicos. En ese sentido, critic\u00f3 duramente al agronegocio que \u201cmata la tierra y envenena el agua\u201d, dejando en condiciones de vulnerabilidad a los peque\u00f1os productores y comunidades rurales.<\/p>\n\n\n\n<p>Record\u00f3 que el clima es un bien com\u00fan y que hoy \u201cla armon\u00eda del planeta ha sido alterada por el hombre\u201d. Sequ\u00edas, inundaciones y tormentas m\u00e1s severas son consecuencias del colapso clim\u00e1tico, que ya afecta la seguridad alimentaria y las fuentes de agua.<\/p>\n\n\n\n<h3 class=\"wp-block-heading\"><strong>Un modelo que excluye y empobrece<\/strong><\/h3>\n\n\n\n<p>El obispo lament\u00f3 que muchos sectores de poder prioricen intereses econ\u00f3micos por encima del bienestar del pueblo. \u201cEn la mayor\u00eda de los casos se favorece a los m\u00e1s poderosos, mientras los m\u00e1s pobres pagan el precio\u201d, afirm\u00f3, destacando la responsabilidad de las instituciones p\u00fablicas en la defensa del ambiente y de las comunidades.<\/p>\n\n\n\n<p>Asimismo, subray\u00f3 que la biodiversidad est\u00e1 en declive: las poblaciones silvestres han disminuido dr\u00e1sticamente desde 1970 y los suelos, fundamentales para la vida, se encuentran cada vez m\u00e1s degradados. \u201cSin suelos vivos no hay ecosistemas que sobrevivan\u201d, enfatiz\u00f3.<\/p>\n\n\n\n<h3 class=\"wp-block-heading\"><strong>Una invitaci\u00f3n a actuar<\/strong><\/h3>\n\n\n\n<p>El prelado insisti\u00f3 en que existen alternativas. Destac\u00f3 el valor de la agricultura familiar, la agroecolog\u00eda y los saberes de los pueblos ind\u00edgenas como caminos para restaurar la tierra y producir sin destruir.<\/p>\n\n\n\n<p>\u201cActuemos. La naturaleza puede recuperarse si cambiamos ahora\u201d, expres\u00f3, pidiendo un compromiso urgente de todos los sectores. Record\u00f3 que la Constituci\u00f3n Nacional reconoce el derecho a un ambiente sano y exige a las autoridades su protecci\u00f3n.<\/p>\n\n\n\n<h3 class=\"wp-block-heading\"><strong>Conversi\u00f3n ecol\u00f3gica: un llamado ineludible<\/strong><\/h3>\n\n\n\n<p>Mons. Ben\u00edtez fue contundente: \u201cSin el cuidado de nuestra casa com\u00fan no se puede hablar de bien com\u00fan\u201d. Invit\u00f3 a una \u201cconversi\u00f3n ecol\u00f3gica radical\u201d, que transforme los estilos de vida, los modos de producci\u00f3n y consumo, orient\u00e1ndolos hacia la justicia ambiental y social.<\/p>\n\n\n\n<p>Con las palabras del c\u00e1ntico de San Francisco, concluy\u00f3 recordando que todo lo creado \u2014el sol, la luna, el agua, la tierra\u2014 es un regalo del amor de Dios, y que su custodia es una tarea que nos involucra a todos.<\/p>\n\n\n\n<figure class=\"wp-block-gallery has-nested-images columns-default is-cropped wp-block-gallery-1 is-layout-flex wp-block-gallery-is-layout-flex\">\n<figure class=\"wp-block-image size-large\"><img loading=\"lazy\" decoding=\"async\" width=\"1024\" height=\"683\" data-id=\"531\" src=\"https:\/\/episcopal.org.py\/wp-content\/uploads\/2025\/12\/WhatsApp-Image-2025-12-02-at-7.27.36-AM-1-1024x683.jpeg\" alt=\"\" class=\"wp-image-531\" srcset=\"https:\/\/episcopal.org.py\/wp-content\/uploads\/2025\/12\/WhatsApp-Image-2025-12-02-at-7.27.36-AM-1-1024x683.jpeg 1024w, https:\/\/episcopal.org.py\/wp-content\/uploads\/2025\/12\/WhatsApp-Image-2025-12-02-at-7.27.36-AM-1-300x200.jpeg 300w, https:\/\/episcopal.org.py\/wp-content\/uploads\/2025\/12\/WhatsApp-Image-2025-12-02-at-7.27.36-AM-1-768x512.jpeg 768w, https:\/\/episcopal.org.py\/wp-content\/uploads\/2025\/12\/WhatsApp-Image-2025-12-02-at-7.27.36-AM-1.jpeg 1280w\" sizes=\"auto, (max-width: 1024px) 100vw, 1024px\" \/><\/figure>\n<\/figure>\n","protected":false},"excerpt":{"rendered":"<p>Durante su homil\u00eda en el marco del Novenario de Caacup\u00e9, Mons. Marcelo Ben\u00edtez dirigi\u00f3 un fuerte llamado a tomar conciencia sobre el deterioro ambiental y la urgencia de asumir un [&hellip;]<\/p>\n","protected":false},"author":1,"featured_media":530,"comment_status":"open","ping_status":"open","sticky":false,"template":"","format":"standard","meta":{"_monsterinsights_skip_tracking":false,"_monsterinsights_sitenote_active":false,"_monsterinsights_sitenote_note":"","_monsterinsights_sitenote_category":0,"_jetpack_memberships_contains_paid_content":false,"footnotes":""},"categories":[1],"tags":[],"class_list":["post-529","post","type-post","status-publish","format-standard","has-post-thumbnail","hentry","category-uncategorized"],"jetpack_featured_media_url":"https:\/\/episcopal.org.py\/wp-content\/uploads\/2025\/12\/WhatsApp-Image-2025-12-02-at-7.27.36-AM.jpeg","jetpack_sharing_enabled":true,"_links":{"self":[{"href":"https:\/\/episcopal.org.py\/index.php?rest_route=\/wp\/v2\/posts\/529","targetHints":{"allow":["GET"]}}],"collection":[{"href":"https:\/\/episcopal.org.py\/index.php?rest_route=\/wp\/v2\/posts"}],"about":[{"href":"https:\/\/episcopal.org.py\/index.php?rest_route=\/wp\/v2\/types\/post"}],"author":[{"embeddable":true,"href":"https:\/\/episcopal.org.py\/index.php?rest_route=\/wp\/v2\/users\/1"}],"replies":[{"embeddable":true,"href":"https:\/\/episcopal.org.py\/index.php?rest_route=%2Fwp%2Fv2%2Fcomments&post=529"}],"version-history":[{"count":1,"href":"https:\/\/episcopal.org.py\/index.php?rest_route=\/wp\/v2\/posts\/529\/revisions"}],"predecessor-version":[{"id":532,"href":"https:\/\/episcopal.org.py\/index.php?rest_route=\/wp\/v2\/posts\/529\/revisions\/532"}],"wp:featuredmedia":[{"embeddable":true,"href":"https:\/\/episcopal.org.py\/index.php?rest_route=\/wp\/v2\/media\/530"}],"wp:attachment":[{"href":"https:\/\/episcopal.org.py\/index.php?rest_route=%2Fwp%2Fv2%2Fmedia&parent=529"}],"wp:term":[{"taxonomy":"category","embeddable":true,"href":"https:\/\/episcopal.org.py\/index.php?rest_route=%2Fwp%2Fv2%2Fcategories&post=529"},{"taxonomy":"post_tag","embeddable":true,"href":"https:\/\/episcopal.org.py\/index.php?rest_route=%2Fwp%2Fv2%2Ftags&post=529"}],"curies":[{"name":"wp","href":"https:\/\/api.w.org\/{rel}","templated":true}]}}