{"id":526,"date":"2025-12-01T23:01:17","date_gmt":"2025-12-01T23:01:17","guid":{"rendered":"https:\/\/episcopal.org.py\/?p=526"},"modified":"2025-12-01T23:01:17","modified_gmt":"2025-12-01T23:01:17","slug":"novenario-de-caacupe-mons-guillermo-steckling-llama-a-construir-la-fraternidad-para-fortalecer-el-bien-comun","status":"publish","type":"post","link":"https:\/\/episcopal.org.py\/?p=526","title":{"rendered":"Novenario de Caacup\u00e9: Mons. Guillermo Steckling llama a construir la fraternidad para fortalecer el bien com\u00fan"},"content":{"rendered":"\n<h1 class=\"wp-block-heading\"><\/h1>\n\n\n\n<p>En el marco del <strong>A\u00f1o del Bien Com\u00fan<\/strong> que vive la Iglesia en el Paraguay, este cuarto d\u00eda del novenario en Caacup\u00e9 estuvo centrado en un tema esencial para la vida cristiana: <strong>la fraternidad<\/strong>. Mons. <strong>Guillermo Steckling<\/strong>, Obispo Em\u00e9rito de Ciudad del Este, reflexion\u00f3 profundamente sobre el desaf\u00edo de \u201chacernos hermanos\u201d y construir una sociedad fundada en el amor mutuo.<\/p>\n\n\n\n<p>El obispo record\u00f3 que <strong>cuidar lo que es com\u00fan a todos es parte del mandamiento del amor al pr\u00f3jimo<\/strong>, y destac\u00f3 que la fraternidad, lejos de ser un simple ideal, ya fue vivida intensamente en los primeros tiempos de la Iglesia. \u201cTodos los creyentes se manten\u00edan unidos y pon\u00edan lo suyo en com\u00fan\u201d, cit\u00f3, recordando la experiencia de la primera comunidad cristiana impulsada por el Esp\u00edritu Santo.<\/p>\n\n\n\n<h2 class=\"wp-block-heading\"><strong>\u201cSomos hijos de Mar\u00eda, somos hermanos\u201d<\/strong><\/h2>\n\n\n\n<p>Frente a la imagen de la Virgen de Caacup\u00e9, Mons. Steckling subray\u00f3 que el santuario es un lugar privilegiado para renovar este sue\u00f1o de hermandad. Record\u00f3 el momento en que Jes\u00fas, desde la cruz, entreg\u00f3 a Mar\u00eda como madre de todos los disc\u00edpulos: \u201cMar\u00eda es tu madre\u2026 somos hijos de Mar\u00eda, somos hermanos\u201d.<\/p>\n\n\n\n<p>Invit\u00f3 a que la construcci\u00f3n de la fraternidad empiece por lo cotidiano:<br><strong>la familia, el barrio, la comunidad de fe<\/strong>, y desde all\u00ed irradiarse a todo el pa\u00eds. \u201cLa caridad comienza por casa\u201d, afirm\u00f3, animando a que las comunidades cristianas sean espacios reales de cercan\u00eda y unidad.<\/p>\n\n\n\n<h2 class=\"wp-block-heading\"><strong>Los obst\u00e1culos y la tentaci\u00f3n del grupismo<\/strong><\/h2>\n\n\n\n<p>El obispo alert\u00f3 sobre las formas de divisi\u00f3n que amenazan la convivencia: los grupos cerrados, las asociaciones excluyentes y la indiferencia hacia los pobres. Cit\u00f3 al Papa Francisco y a su enc\u00edclica <em>Fratelli tutti<\/em>, recordando que el Evangelio no admite hermandades peque\u00f1as que excluyan a la mayor\u00eda.<\/p>\n\n\n\n<p>\u201cNos entristece la corrupci\u00f3n, que es cruel con quienes no tienen nada\u201d, expres\u00f3, exhortando a peque\u00f1os pasos concretos como <strong>no aceptar ni cobrar coimas<\/strong>, rezar por quienes nos lastiman y ayudar a quienes lo necesitan.<\/p>\n\n\n\n<h2 class=\"wp-block-heading\"><strong>La fraternidad nace de la fe y se sostiene en la caridad<\/strong><\/h2>\n\n\n\n<p>Mons. Steckling recalc\u00f3 que <strong>la verdadera hermandad no se construye s\u00f3lo con raz\u00f3n<\/strong>, sino desde la fe en un mismo Padre que nos cre\u00f3 a todos. \u201cNo puede haber valores cristianos sin apoyarnos fuertemente en Cristo\u201d, afirm\u00f3.<\/p>\n\n\n\n<p>Record\u00f3 tambi\u00e9n el rol de los santos paraguayos y modelos de vida fraterna, como <strong>la Beata Chiquitunga<\/strong>, el <strong>Padre Julio C\u00e9sar Duarte Ortellado<\/strong> y el <strong>Pai Puc\u00fa<\/strong>, quienes supieron crear ambientes de familia y solidaridad.<\/p>\n\n\n\n<p>El camino para crecer en hermandad \u2014indic\u00f3\u2014 requiere perseverar en <strong>la ense\u00f1anza de los ap\u00f3stoles, la comuni\u00f3n, la eucarist\u00eda y la oraci\u00f3n<\/strong>, tal como lo se\u00f1ala la primera lectura del d\u00eda.<\/p>\n\n\n\n<h2 class=\"wp-block-heading\"><strong>\u201cEl amor de Cristo es la \u00fanica fuerza que cambiar\u00e1 el mundo\u201d<\/strong><\/h2>\n\n\n\n<p>El obispo retom\u00f3 las palabras del Evangelio: <em>\u201cAm\u00e9nselos unos a los otros como yo los he amado\u201d<\/em>. Record\u00f3 que la caridad, vivida con sacrificio, es una fuerza que transforma la historia y que los peque\u00f1os actos de bondad \u2014una sonrisa, un regalo a un pobre, la ayuda a un anciano\u2014 son semillas reales de fraternidad.<\/p>\n\n\n\n<p>\u201c<strong>Construyamos la fraternidad. El amor a la manera de Cristo es lo \u00fanico que salvar\u00e1 al mundo<\/strong>\u201d, concluy\u00f3.<\/p>\n\n\n\n<p>Oficina de Comunicaci\u00f3n y Prensa <\/p>\n\n\n\n<p>Conferencia Episcopal Paraguaya <\/p>\n","protected":false},"excerpt":{"rendered":"<p>En el marco del A\u00f1o del Bien Com\u00fan que vive la Iglesia en el Paraguay, este cuarto d\u00eda del novenario en Caacup\u00e9 estuvo centrado en un tema esencial para la [&hellip;]<\/p>\n","protected":false},"author":1,"featured_media":527,"comment_status":"open","ping_status":"open","sticky":false,"template":"","format":"standard","meta":{"_monsterinsights_skip_tracking":false,"_monsterinsights_sitenote_active":false,"_monsterinsights_sitenote_note":"","_monsterinsights_sitenote_category":0,"_jetpack_memberships_contains_paid_content":false,"footnotes":""},"categories":[1],"tags":[],"class_list":["post-526","post","type-post","status-publish","format-standard","has-post-thumbnail","hentry","category-uncategorized"],"jetpack_featured_media_url":"https:\/\/episcopal.org.py\/wp-content\/uploads\/2025\/12\/WhatsApp-Image-2025-12-01-at-7.21.32-PM-1.jpeg","jetpack_sharing_enabled":true,"_links":{"self":[{"href":"https:\/\/episcopal.org.py\/index.php?rest_route=\/wp\/v2\/posts\/526","targetHints":{"allow":["GET"]}}],"collection":[{"href":"https:\/\/episcopal.org.py\/index.php?rest_route=\/wp\/v2\/posts"}],"about":[{"href":"https:\/\/episcopal.org.py\/index.php?rest_route=\/wp\/v2\/types\/post"}],"author":[{"embeddable":true,"href":"https:\/\/episcopal.org.py\/index.php?rest_route=\/wp\/v2\/users\/1"}],"replies":[{"embeddable":true,"href":"https:\/\/episcopal.org.py\/index.php?rest_route=%2Fwp%2Fv2%2Fcomments&post=526"}],"version-history":[{"count":1,"href":"https:\/\/episcopal.org.py\/index.php?rest_route=\/wp\/v2\/posts\/526\/revisions"}],"predecessor-version":[{"id":528,"href":"https:\/\/episcopal.org.py\/index.php?rest_route=\/wp\/v2\/posts\/526\/revisions\/528"}],"wp:featuredmedia":[{"embeddable":true,"href":"https:\/\/episcopal.org.py\/index.php?rest_route=\/wp\/v2\/media\/527"}],"wp:attachment":[{"href":"https:\/\/episcopal.org.py\/index.php?rest_route=%2Fwp%2Fv2%2Fmedia&parent=526"}],"wp:term":[{"taxonomy":"category","embeddable":true,"href":"https:\/\/episcopal.org.py\/index.php?rest_route=%2Fwp%2Fv2%2Fcategories&post=526"},{"taxonomy":"post_tag","embeddable":true,"href":"https:\/\/episcopal.org.py\/index.php?rest_route=%2Fwp%2Fv2%2Ftags&post=526"}],"curies":[{"name":"wp","href":"https:\/\/api.w.org\/{rel}","templated":true}]}}