{"id":521,"date":"2025-12-01T10:35:36","date_gmt":"2025-12-01T10:35:36","guid":{"rendered":"https:\/\/episcopal.org.py\/?p=521"},"modified":"2025-12-01T10:35:36","modified_gmt":"2025-12-01T10:35:36","slug":"caacupe-2025-mons-pedro-collar-noguera-llama-a-construir-la-fraternidad-como-camino-hacia-el-bien-comun","status":"publish","type":"post","link":"https:\/\/episcopal.org.py\/?p=521","title":{"rendered":"Caacup\u00e9 2025: Mons. Pedro Collar Noguera llama a construir la fraternidad como camino hacia el Bien Com\u00fan"},"content":{"rendered":"\n<p>En el marco del A\u00f1o Jubilar y del Novenario en honor a la Virgen de Caacup\u00e9, la Bas\u00edlica Nacional volvi\u00f3 a reunir a obispos, sacerdotes, di\u00e1conos, religiosos, religiosas y miles de fieles del pa\u00eds. En un ambiente de profunda devoci\u00f3n y esperanza, Mons. Pedro Collar Noguera presidi\u00f3 la celebraci\u00f3n y present\u00f3 su homil\u00eda centrada en un pilar esencial para la vida nacional: la construcci\u00f3n de la fraternidad como fundamento del Bien Com\u00fan.<\/p>\n\n\n\n<p>En su reflexi\u00f3n, record\u00f3 que el santuario de \u201cTupasy Caacup\u00e9\u201d es un signo vivo de la fe del pueblo paraguayo, lugar donde generaciones han depositado sus luchas, alegr\u00edas y anhelos. Este a\u00f1o, guiados por la frase evang\u00e9lica \u201cDenles ustedes de comer\u201d (Mt 14,16), la Iglesia exhorta a asumir un compromiso concreto con la dignidad de cada persona, especialmente la m\u00e1s vulnerable.<\/p>\n\n\n\n<p>El Bien Com\u00fan: un principio vivo y transformador<\/p>\n\n\n\n<p>Mons. Collar Noguera destac\u00f3 que el Bien Com\u00fan, piedra angular de la Doctrina Social de la Iglesia, no es una idea abstracta, sino una responsabilidad compartida que busca el bienestar integral de todas las personas. Citando al papa Benedicto XVI, record\u00f3 que el amor al pr\u00f3jimo se hace m\u00e1s eficaz cuando se trabaja por estructuras sociales justas que respondan a las necesidades reales de la gente.<\/p>\n\n\n\n<p>La fraternidad como condici\u00f3n de la misi\u00f3n<\/p>\n\n\n\n<p>El obispo subray\u00f3 que la misi\u00f3n de la Iglesia solo es posible donde existe comuni\u00f3n. La falta de fraternidad debilita el testimonio y la credibilidad del Evangelio. Retom\u00f3 el relato de Ca\u00edn y Abel como advertencia sobre c\u00f3mo la negaci\u00f3n del hermano destruye la convivencia y oscurece la relaci\u00f3n con Dios.<\/p>\n\n\n\n<p>Inspirado en la comunidad cristiana primitiva, resalt\u00f3 la importancia de la solidaridad concreta, donde los bienes, las responsabilidades y la vida misma se compart\u00edan seg\u00fan las necesidades.<\/p>\n\n\n\n<p>Fraternidad sacerdotal: un desaf\u00edo permanente<\/p>\n\n\n\n<p>Dirigi\u00e9ndose especialmente a obispos, sacerdotes y di\u00e1conos, Mons. Collar Noguera se\u00f1al\u00f3 que la fraternidad es uno de los mayores tesoros del ministerio ordenado. La formaci\u00f3n permanente \u2014record\u00f3\u2014 debe fortalecer v\u00ednculos aut\u00e9nticos basados en la confianza y el acompa\u00f1amiento. La Ratio Fundamentalis Institutionis Sacerdotalis insiste en que la madurez afectiva y relacional es indispensable para ejercer el ministerio con responsabilidad y cercan\u00eda.<\/p>\n\n\n\n<p>Desaf\u00edos que claman fraternidad en Paraguay<\/p>\n\n\n\n<p>El obispo invit\u00f3 a mirar el pa\u00eds con sinceridad, reconociendo realidades que contradicen la fraternidad: pobreza extrema, hacinamiento carcelario, ind\u00edgenas en situaci\u00f3n de calle, violencia, abusos, narcotr\u00e1fico, trata de personas y polarizaci\u00f3n social. Ante esto, propuso cuatro caminos: conversi\u00f3n personal, servicio, di\u00e1logo social y sinodalidad.<\/p>\n\n\n\n<p>Conversi\u00f3n<\/p>\n\n\n\n<p>Mons. Collar Noguera record\u00f3 que la transformaci\u00f3n de la sociedad comienza por la conversi\u00f3n de los corazones. Cit\u00f3 a la Madre Teresa: \u201cSi quieres cambiar el mundo, c\u00e1mbiate a ti mismo primero\u201d.<\/p>\n\n\n\n<p>Servicio<\/p>\n\n\n\n<p>El pueblo \u2014afirm\u00f3\u2014 no pide sacerdotes perfectos, sino cercanos. \u201cUn sacerdote que no escucha no podr\u00e1 hablar al coraz\u00f3n\u201d, expres\u00f3, animando a caminar con la gente, re\u00edr y llorar con ella, y servir con entrega total.<\/p>\n\n\n\n<p>Di\u00e1logo social<\/p>\n\n\n\n<p>Apoy\u00e1ndose en Fratelli Tutti, llam\u00f3 a promover el di\u00e1logo como herramienta para superar divisiones. \u201cJajotopa, \u00f1a\u00f1omongueta, \u00f1a\u00f1opytyv\u00f5\u201d, exhort\u00f3, invitando a construir comunidad en barrios, vecindarios y parroquias.<\/p>\n\n\n\n<p>Sinodalidad<\/p>\n\n\n\n<p>Vivir la sinodalidad \u2014dijo\u2014 es aprender a caminar juntos, escucharnos y discernir en comunidad. Esta actitud debe extenderse a la sociedad, promoviendo una cultura del encuentro y derribando muros de indiferencia.<\/p>\n\n\n\n<p>Una misi\u00f3n compartida para el Paraguay<\/p>\n\n\n\n<p>Mons. Pedro Collar Noguera concluy\u00f3 recordando que el Paraguay es de todos, y todos somos responsables de generar condiciones que dignifiquen la vida humana. La fraternidad, vivida sin l\u00edmites, hace posible construir una sociedad m\u00e1s justa y solidaria.<\/p>\n\n\n\n<p>Encomend\u00f3 finalmente esta misi\u00f3n a la Virgen de los Milagros de Caacup\u00e9, pidiendo su protecci\u00f3n para que cada sacerdote y fiel sea instrumento de amor, perd\u00f3n y esperanza en sus comunidades. \u201cAl recibir el Cuerpo de Cristo \u2014se\u00f1al\u00f3\u2014 nos hacemos uno con \u00c9l y con los dem\u00e1s, impulsados a vivir en servicio y solidaridad\u201d.<\/p>\n\n\n\n<p>Oficina de Comunicaci\u00f3n y Prensa<\/p>\n\n\n\n<p>Conferencia Episcopal Paraguaya<\/p>\n\n\n\n<figure class=\"wp-block-image size-large\"><img loading=\"lazy\" decoding=\"async\" width=\"1024\" height=\"768\" src=\"https:\/\/episcopal.org.py\/wp-content\/uploads\/2025\/12\/WhatsApp-Image-2025-12-01-at-7.28.32-AM-1-1024x768.jpeg\" alt=\"\" class=\"wp-image-523\" srcset=\"https:\/\/episcopal.org.py\/wp-content\/uploads\/2025\/12\/WhatsApp-Image-2025-12-01-at-7.28.32-AM-1-1024x768.jpeg 1024w, https:\/\/episcopal.org.py\/wp-content\/uploads\/2025\/12\/WhatsApp-Image-2025-12-01-at-7.28.32-AM-1-300x225.jpeg 300w, https:\/\/episcopal.org.py\/wp-content\/uploads\/2025\/12\/WhatsApp-Image-2025-12-01-at-7.28.32-AM-1-768x576.jpeg 768w, https:\/\/episcopal.org.py\/wp-content\/uploads\/2025\/12\/WhatsApp-Image-2025-12-01-at-7.28.32-AM-1.jpeg 1280w\" sizes=\"auto, (max-width: 1024px) 100vw, 1024px\" \/><\/figure>\n\n\n\n<figure class=\"wp-block-image size-large\"><img loading=\"lazy\" decoding=\"async\" width=\"1024\" height=\"683\" src=\"https:\/\/episcopal.org.py\/wp-content\/uploads\/2025\/12\/WhatsApp-Image-2025-12-01-at-7.29.15-AM-1024x683.jpeg\" alt=\"\" class=\"wp-image-524\" srcset=\"https:\/\/episcopal.org.py\/wp-content\/uploads\/2025\/12\/WhatsApp-Image-2025-12-01-at-7.29.15-AM-1024x683.jpeg 1024w, https:\/\/episcopal.org.py\/wp-content\/uploads\/2025\/12\/WhatsApp-Image-2025-12-01-at-7.29.15-AM-300x200.jpeg 300w, https:\/\/episcopal.org.py\/wp-content\/uploads\/2025\/12\/WhatsApp-Image-2025-12-01-at-7.29.15-AM-768x512.jpeg 768w, https:\/\/episcopal.org.py\/wp-content\/uploads\/2025\/12\/WhatsApp-Image-2025-12-01-at-7.29.15-AM.jpeg 1280w\" sizes=\"auto, (max-width: 1024px) 100vw, 1024px\" \/><\/figure>\n","protected":false},"excerpt":{"rendered":"<p>En el marco del A\u00f1o Jubilar y del Novenario en honor a la Virgen de Caacup\u00e9, la Bas\u00edlica Nacional volvi\u00f3 a reunir a obispos, sacerdotes, di\u00e1conos, religiosos, religiosas y miles [&hellip;]<\/p>\n","protected":false},"author":1,"featured_media":522,"comment_status":"open","ping_status":"open","sticky":false,"template":"","format":"standard","meta":{"_monsterinsights_skip_tracking":false,"_monsterinsights_sitenote_active":false,"_monsterinsights_sitenote_note":"","_monsterinsights_sitenote_category":0,"_jetpack_memberships_contains_paid_content":false,"footnotes":""},"categories":[1],"tags":[],"class_list":["post-521","post","type-post","status-publish","format-standard","has-post-thumbnail","hentry","category-uncategorized"],"jetpack_featured_media_url":"https:\/\/episcopal.org.py\/wp-content\/uploads\/2025\/12\/WhatsApp-Image-2025-12-01-at-7.28.32-AM.jpeg","jetpack_sharing_enabled":true,"_links":{"self":[{"href":"https:\/\/episcopal.org.py\/index.php?rest_route=\/wp\/v2\/posts\/521","targetHints":{"allow":["GET"]}}],"collection":[{"href":"https:\/\/episcopal.org.py\/index.php?rest_route=\/wp\/v2\/posts"}],"about":[{"href":"https:\/\/episcopal.org.py\/index.php?rest_route=\/wp\/v2\/types\/post"}],"author":[{"embeddable":true,"href":"https:\/\/episcopal.org.py\/index.php?rest_route=\/wp\/v2\/users\/1"}],"replies":[{"embeddable":true,"href":"https:\/\/episcopal.org.py\/index.php?rest_route=%2Fwp%2Fv2%2Fcomments&post=521"}],"version-history":[{"count":1,"href":"https:\/\/episcopal.org.py\/index.php?rest_route=\/wp\/v2\/posts\/521\/revisions"}],"predecessor-version":[{"id":525,"href":"https:\/\/episcopal.org.py\/index.php?rest_route=\/wp\/v2\/posts\/521\/revisions\/525"}],"wp:featuredmedia":[{"embeddable":true,"href":"https:\/\/episcopal.org.py\/index.php?rest_route=\/wp\/v2\/media\/522"}],"wp:attachment":[{"href":"https:\/\/episcopal.org.py\/index.php?rest_route=%2Fwp%2Fv2%2Fmedia&parent=521"}],"wp:term":[{"taxonomy":"category","embeddable":true,"href":"https:\/\/episcopal.org.py\/index.php?rest_route=%2Fwp%2Fv2%2Fcategories&post=521"},{"taxonomy":"post_tag","embeddable":true,"href":"https:\/\/episcopal.org.py\/index.php?rest_route=%2Fwp%2Fv2%2Ftags&post=521"}],"curies":[{"name":"wp","href":"https:\/\/api.w.org\/{rel}","templated":true}]}}