{"id":512,"date":"2025-11-30T10:42:07","date_gmt":"2025-11-30T10:42:07","guid":{"rendered":"https:\/\/episcopal.org.py\/?p=512"},"modified":"2025-11-30T10:42:07","modified_gmt":"2025-11-30T10:42:07","slug":"mons-miguel-fritz-clama-por-justicia-y-respeto-a-los-pueblos-indigenas-durante-la-novena-de-caacupe","status":"publish","type":"post","link":"https:\/\/episcopal.org.py\/?p=512","title":{"rendered":"Mons. Miguel Fritz clama por justicia y respeto a los pueblos ind\u00edgenas durante la Novena de Caacup\u00e9"},"content":{"rendered":"\n<p>Caacup\u00e9, noviembre de 2025 \u2014 En una sentida y firme homil\u00eda pronunciada durante la jornada dedicada a los pueblos ind\u00edgenas en la Novena de Caacup\u00e9, Mons. Miguel Fritz OMI denunci\u00f3 con contundencia las injusticias que siguen afectando a comunidades originarias en Paraguay. Ante miles de peregrinos, el obispo expres\u00f3 su cercan\u00eda y preocupaci\u00f3n por los constantes desalojos, la falta de acceso a tierras, las desigualdades hist\u00f3ricas y la ausencia de pol\u00edticas efectivas que garanticen los derechos ind\u00edgenas.<\/p>\n\n\n\n<p>El prelado inici\u00f3 destacando la importancia de \u201cmantener una visi\u00f3n\u201d, evocando la imagen prof\u00e9tica de Isa\u00edas sobre una casa donde reinen paz y justicia. Sin embargo, contrast\u00f3 ese ideal con la realidad actual: \u201cPara muchos, tener una vivienda digna sigue siendo un sue\u00f1o no realizado\u201d, lament\u00f3, se\u00f1alando casos recientes de desalojos violentos contra comunidades campesinas e ind\u00edgenas.<\/p>\n\n\n\n<p>Denuncias sobre desalojos y deforestaci\u00f3n en el Chaco<\/p>\n\n\n\n<p>Mons. Fritz critic\u00f3 duramente las pr\u00e1cticas que dejan a familias enteras sin hogar y sin tierras, y cuestion\u00f3 la falta de acci\u00f3n cuando invasores se instalan en territorios ind\u00edgenas. Asimismo, alert\u00f3 sobre el impacto de la deforestaci\u00f3n en el Chaco, donde \u2014seg\u00fan afirm\u00f3\u2014 m\u00e1s de 286.000 hect\u00e1reas desaparecieron solo en el distrito de Mariscal Estigarribia en los \u00faltimos cinco a\u00f1os.<\/p>\n\n\n\n<p>\u201cEl Bien Com\u00fan no podemos so\u00f1arlo si destruimos la base de nuestra Casa Com\u00fan\u201d, expres\u00f3 con firmeza.<\/p>\n\n\n\n<p>El obispo tambi\u00e9n denunci\u00f3 irregularidades vinculadas a los cr\u00e9ditos de carbono, asegurando que una \u201cmafia\u201d se apropia de fondos que deber\u00edan beneficiar a las comunidades ind\u00edgenas. Cuestion\u00f3 adem\u00e1s la inacci\u00f3n de autoridades responsables de investigar estos hechos.<\/p>\n\n\n\n<p>Cr\u00edtica al sistema y llamado urgente a la justicia<\/p>\n\n\n\n<p>Mons. Fritz subray\u00f3 que el Bien Com\u00fan no puede alcanzarse mientras persistan la corrupci\u00f3n, el nepotismo, la discriminaci\u00f3n y la falta de justicia. Record\u00f3 que la Constituci\u00f3n Nacional garantiza tierras para las familias ind\u00edgenas, pero que la realidad dista mucho de ese mandato.<\/p>\n\n\n\n<p>Enfatiz\u00f3 que instituciones como el INDI deben contar con los recursos necesarios para cumplir su misi\u00f3n y critic\u00f3 la discriminaci\u00f3n que sufren los ind\u00edgenas incluso en espacios urbanos: \u201cNo son solo sin tierras, son sin calles\u2026 sin ning\u00fan lugar donde sean bien recibidos\u201d.<\/p>\n\n\n\n<p>Mensaje especial a los j\u00f3venes ind\u00edgenas<\/p>\n\n\n\n<p>El obispo dedic\u00f3 una parte importante de su homil\u00eda a los j\u00f3venes ind\u00edgenas, a quienes anim\u00f3 a valorar sus culturas, lenguas y tradiciones. Si bien celebr\u00f3 sus esfuerzos por acceder a estudios superiores y nuevas tecnolog\u00edas, expres\u00f3 preocupaci\u00f3n por situaciones de tristeza, desesperanza, adicciones y suicidios que afectan a varios de ellos.<\/p>\n\n\n\n<p>\u201cCada lengua es un tesoro\u201d, afirm\u00f3, exhort\u00e1ndolos a conservar su identidad cultural, aprender de sus mayores y desarrollar nuevas expresiones art\u00edsticas desde sus ra\u00edces.<\/p>\n\n\n\n<p>Construir la casa sobre la roca<\/p>\n\n\n\n<p>Mons. Fritz concluy\u00f3 recordando que el verdadero fundamento de toda comunidad es el Se\u00f1or, y que solo desde la justicia, el respeto mutuo y el cuidado de la Casa Com\u00fan ser\u00e1 posible construir un pa\u00eds donde todas las familias, especialmente las m\u00e1s vulnerables, encuentren un lugar digno.<\/p>\n\n\n\n<p>El mensaje cerr\u00f3 con un pedido a Tup\u00e3sy Caacup\u00e9 para que acompa\u00f1e y proteja a todo el pueblo paraguayo en este camino hacia un Bien Com\u00fan aut\u00e9ntico.<\/p>\n\n\n\n<p>Oficina de Comunicaci\u00f3n y Prensa de la Conferencia Episcopal Paraguaya<\/p>\n\n\n\n<figure class=\"wp-block-image size-large\"><img loading=\"lazy\" decoding=\"async\" width=\"1024\" height=\"768\" src=\"https:\/\/episcopal.org.py\/wp-content\/uploads\/2025\/11\/WhatsApp-Image-2025-11-30-at-7.38.10-AM-1-1024x768.jpeg\" alt=\"\" class=\"wp-image-514\" srcset=\"https:\/\/episcopal.org.py\/wp-content\/uploads\/2025\/11\/WhatsApp-Image-2025-11-30-at-7.38.10-AM-1-1024x768.jpeg 1024w, https:\/\/episcopal.org.py\/wp-content\/uploads\/2025\/11\/WhatsApp-Image-2025-11-30-at-7.38.10-AM-1-300x225.jpeg 300w, https:\/\/episcopal.org.py\/wp-content\/uploads\/2025\/11\/WhatsApp-Image-2025-11-30-at-7.38.10-AM-1-768x576.jpeg 768w, https:\/\/episcopal.org.py\/wp-content\/uploads\/2025\/11\/WhatsApp-Image-2025-11-30-at-7.38.10-AM-1.jpeg 1280w\" sizes=\"auto, (max-width: 1024px) 100vw, 1024px\" \/><\/figure>\n\n\n\n<figure class=\"wp-block-image size-large\"><img loading=\"lazy\" decoding=\"async\" width=\"1024\" height=\"768\" src=\"https:\/\/episcopal.org.py\/wp-content\/uploads\/2025\/11\/WhatsApp-Image-2025-11-30-at-7.38.10-AM-2-1024x768.jpeg\" alt=\"\" class=\"wp-image-515\" srcset=\"https:\/\/episcopal.org.py\/wp-content\/uploads\/2025\/11\/WhatsApp-Image-2025-11-30-at-7.38.10-AM-2-1024x768.jpeg 1024w, https:\/\/episcopal.org.py\/wp-content\/uploads\/2025\/11\/WhatsApp-Image-2025-11-30-at-7.38.10-AM-2-300x225.jpeg 300w, https:\/\/episcopal.org.py\/wp-content\/uploads\/2025\/11\/WhatsApp-Image-2025-11-30-at-7.38.10-AM-2-768x576.jpeg 768w, https:\/\/episcopal.org.py\/wp-content\/uploads\/2025\/11\/WhatsApp-Image-2025-11-30-at-7.38.10-AM-2.jpeg 1280w\" sizes=\"auto, (max-width: 1024px) 100vw, 1024px\" \/><\/figure>\n","protected":false},"excerpt":{"rendered":"<p>Caacup\u00e9, noviembre de 2025 \u2014 En una sentida y firme homil\u00eda pronunciada durante la jornada dedicada a los pueblos ind\u00edgenas en la Novena de Caacup\u00e9, Mons. Miguel Fritz OMI denunci\u00f3 [&hellip;]<\/p>\n","protected":false},"author":1,"featured_media":513,"comment_status":"open","ping_status":"open","sticky":false,"template":"","format":"standard","meta":{"_monsterinsights_skip_tracking":false,"_monsterinsights_sitenote_active":false,"_monsterinsights_sitenote_note":"","_monsterinsights_sitenote_category":0,"_jetpack_memberships_contains_paid_content":false,"footnotes":""},"categories":[1],"tags":[],"class_list":["post-512","post","type-post","status-publish","format-standard","has-post-thumbnail","hentry","category-uncategorized"],"jetpack_featured_media_url":"https:\/\/episcopal.org.py\/wp-content\/uploads\/2025\/11\/WhatsApp-Image-2025-11-30-at-7.38.10-AM.jpeg","jetpack_sharing_enabled":true,"_links":{"self":[{"href":"https:\/\/episcopal.org.py\/index.php?rest_route=\/wp\/v2\/posts\/512","targetHints":{"allow":["GET"]}}],"collection":[{"href":"https:\/\/episcopal.org.py\/index.php?rest_route=\/wp\/v2\/posts"}],"about":[{"href":"https:\/\/episcopal.org.py\/index.php?rest_route=\/wp\/v2\/types\/post"}],"author":[{"embeddable":true,"href":"https:\/\/episcopal.org.py\/index.php?rest_route=\/wp\/v2\/users\/1"}],"replies":[{"embeddable":true,"href":"https:\/\/episcopal.org.py\/index.php?rest_route=%2Fwp%2Fv2%2Fcomments&post=512"}],"version-history":[{"count":1,"href":"https:\/\/episcopal.org.py\/index.php?rest_route=\/wp\/v2\/posts\/512\/revisions"}],"predecessor-version":[{"id":516,"href":"https:\/\/episcopal.org.py\/index.php?rest_route=\/wp\/v2\/posts\/512\/revisions\/516"}],"wp:featuredmedia":[{"embeddable":true,"href":"https:\/\/episcopal.org.py\/index.php?rest_route=\/wp\/v2\/media\/513"}],"wp:attachment":[{"href":"https:\/\/episcopal.org.py\/index.php?rest_route=%2Fwp%2Fv2%2Fmedia&parent=512"}],"wp:term":[{"taxonomy":"category","embeddable":true,"href":"https:\/\/episcopal.org.py\/index.php?rest_route=%2Fwp%2Fv2%2Fcategories&post=512"},{"taxonomy":"post_tag","embeddable":true,"href":"https:\/\/episcopal.org.py\/index.php?rest_route=%2Fwp%2Fv2%2Ftags&post=512"}],"curies":[{"name":"wp","href":"https:\/\/api.w.org\/{rel}","templated":true}]}}