{"id":497,"date":"2025-11-30T08:43:17","date_gmt":"2025-11-30T08:43:17","guid":{"rendered":"https:\/\/episcopal.org.py\/?p=497"},"modified":"2025-11-30T08:43:17","modified_gmt":"2025-11-30T08:43:17","slug":"novenario-de-caacupe-p-nilo-zarate-llama-a-un-compromiso-real-con-la-educacion-integral-del-paraguay","status":"publish","type":"post","link":"https:\/\/episcopal.org.py\/?p=497","title":{"rendered":"Novenario de Caacup\u00e9: P. Nilo Z\u00e1rate llama a un compromiso real con la educaci\u00f3n integral del Paraguay"},"content":{"rendered":"\n<p><a><\/a>Caacup\u00e9, Segundo D\u00eda del Novenario 2025.<\/p>\n\n\n\n<p>En la ma\u00f1ana de este segundo d\u00eda del Novenario en honor a la Inmaculada Concepci\u00f3n de Caacup\u00e9, el Pbro. Dr. Nilo Z\u00e1rate sdb presidi\u00f3 la celebraci\u00f3n e invit\u00f3 a los fieles a reflexionar sobre el lema del d\u00eda: \u201cC\u00f3mo impulsar la educaci\u00f3n integral del pueblo paraguayo\u201d.<\/p>\n\n\n\n<p>Ante la presencia de numerosos peregrinos y autoridades eclesiales, el presb\u00edtero record\u00f3 la misi\u00f3n educadora de la Iglesia y la responsabilidad compartida entre el Estado y la familia en la formaci\u00f3n integral de ni\u00f1os, adolescentes y j\u00f3venes. \u201cLa Virgen, maestra de nuestro pueblo, nos ayuda a ser protagonistas de este impulso educativo\u201d, afirm\u00f3.<\/p>\n\n\n\n<p>Mar\u00eda, maestra y gu\u00eda hacia Jes\u00fas<\/p>\n\n\n\n<p>En su reflexi\u00f3n inicial, el P. Zarate subray\u00f3 que la aut\u00e9ntica devoci\u00f3n mariana \u201cno puede quedarse en discusiones superficiales\u201d, sino que debe llevar a los cristianos a actuar como ella: atentos a las necesidades del pueblo, valientes y siempre orientados hacia Cristo.<\/p>\n\n\n\n<p>Record\u00f3 el episodio de las bodas de Can\u00e1 como s\u00edmbolo de la transformaci\u00f3n que trae Jes\u00fas y del papel de Mar\u00eda como impulsora de ese cambio: \u201cElla nos dice: Hagan lo que \u00c9l les diga. Su misi\u00f3n es conducir siempre hacia Jes\u00fas\u201d.<\/p>\n\n\n\n<p>La Palabra de Dios, camino de formaci\u00f3n<\/p>\n\n\n\n<p>A partir de las lecturas del d\u00eda, especialmente la carta a Timoteo, el celebrante explic\u00f3 que la Sagrada Escritura es inspirada por Dios para ayudar a interpretar la realidad con los ojos de la fe.<\/p>\n\n\n\n<p>\u201cLa Palabra de Dios nos invita a mirar el clamor del pueblo, especialmente de quienes buscan una mejor educaci\u00f3n. No podemos permanecer indiferentes\u201d, se\u00f1al\u00f3.<\/p>\n\n\n\n<p>La educaci\u00f3n, deuda pendiente del Estado paraguayo<\/p>\n\n\n\n<p>El sacerdote fue contundente al referirse a la crisis estructural del sistema educativo nacional, que \u2013seg\u00fan lament\u00f3\u2013 persiste desde hace d\u00e9cadas.<\/p>\n\n\n\n<p>Enumer\u00f3 desaf\u00edos urgentes:<\/p>\n\n\n\n<p>Falta de infraestructura digna en escuelas y colegios.<\/p>\n\n\n\n<p>Deficiente formaci\u00f3n docente.<\/p>\n\n\n\n<p>Precarizaci\u00f3n laboral de j\u00f3venes por falta de habilidades t\u00e9cnicas y blandas.<\/p>\n\n\n\n<p>Proliferaci\u00f3n de universidades con fines estrictamente lucrativos.<\/p>\n\n\n\n<p>Desigualdad educativa entre sectores urbanos y rurales, especialmente entre comunidades campesinas e ind\u00edgenas.<\/p>\n\n\n\n<p>Riesgo de politizaci\u00f3n de organismos educativos como el Cones y los consejos de educaci\u00f3n.<\/p>\n\n\n\n<p>\u201cEl Estado es el primer responsable de garantizar una educaci\u00f3n de calidad. Ning\u00fan gobierno puede presumir de crecimiento econ\u00f3mico si no invierte en educaci\u00f3n\u201d, afirm\u00f3.<\/p>\n\n\n\n<p>La Iglesia, madre y maestra al servicio del pueblo<\/p>\n\n\n\n<p>Record\u00f3 el compromiso hist\u00f3rico de la Iglesia Cat\u00f3lica con la educaci\u00f3n, visible en m\u00e1s de 230.000 centros educativos en todo el mundo, as\u00ed como en la construcci\u00f3n de nuevas escuelas en territorios de misi\u00f3n.<\/p>\n\n\n\n<p>Sin embargo, remarc\u00f3 que la participaci\u00f3n de los laicos en el \u00e1mbito p\u00fablico es indispensable:<\/p>\n\n\n\n<p>\u201cEl cristiano debe involucrarse en decisiones pol\u00edticas para impulsar reformas profundas y justas en el sistema educativo\u201d.<\/p>\n\n\n\n<p>Citando al Papa Francisco y al Papa Le\u00f3n XIV, insisti\u00f3 en la importancia de la \u201ccaridad pol\u00edtica\u201d, entendida como servicio concreto al bien com\u00fan.<\/p>\n\n\n\n<p>El desaf\u00edo de una sociedad que no excluya<\/p>\n\n\n\n<p>En un mensaje directo, el P. Zarate cuestion\u00f3 discursos que culpan a los pobres por su propia situaci\u00f3n.<\/p>\n\n\n\n<p>Retom\u00f3 palabras del Papa Le\u00f3n XIV: \u201cLos pobres no son pobres porque quieren serlo. Son carne de Cristo\u201d.<\/p>\n\n\n\n<p>Tambi\u00e9n alert\u00f3 sobre la existencia de \u00e9lites aisladas \u201cen burbujas confortables, indiferentes al sufrimiento del pueblo\u201d.<\/p>\n\n\n\n<p>\u201cEl amor recibido de Dios debe volverse compromiso activo, especialmente con quienes carecen de oportunidades educativas\u201d, enfatiz\u00f3.<\/p>\n\n\n\n<p>Oraci\u00f3n por educadores, j\u00f3venes y la misi\u00f3n evangelizadora<\/p>\n\n\n\n<p>Durante la oraci\u00f3n de los fieles, la asamblea pidi\u00f3 por:<\/p>\n\n\n\n<p>Los servidores de la educaci\u00f3n, catequistas y formadores.<\/p>\n\n\n\n<p>Los ni\u00f1os y j\u00f3venes que buscan una instrucci\u00f3n integral.<\/p>\n\n\n\n<p>La comunidad cristiana, para que valore la educaci\u00f3n como servicio al bien com\u00fan.<\/p>\n\n\n\n<p>El ministerio del P. Nilo Z\u00e1rate y de toda la Iglesia.<\/p>\n\n\n\n<p>Ofrendas y participaci\u00f3n comunitaria<\/p>\n\n\n\n<p>En el momento del ofertorio, un matrimonio dedicado a la educaci\u00f3n present\u00f3 el pan y el vino, acompa\u00f1ados de alimentos no perecederos ofrecidos por diversas delegaciones: el Colegio Intercontinental del Este (Presidente Franco), grupos juveniles de Villarrica y el movimiento Rosa M\u00edstica de Caacup\u00e9, entre otros.<\/p>\n\n\n\n<p>\u201cLa educaci\u00f3n es camino de evangelizaci\u00f3n y promoci\u00f3n humana\u201d<\/p>\n\n\n\n<p>El P. Zarate cerr\u00f3 su homil\u00eda recordando que para la Iglesia evangelizar y educar es un binomio inseparable:<\/p>\n\n\n\n<p>\u201cAs\u00ed como Jes\u00fas ense\u00f1aba y atend\u00eda las necesidades de su pueblo, la Iglesia quiere interesarse de las realidades de su gente, especialmente cuando se trata de educaci\u00f3n. Que Mar\u00eda nos ayude a superar la pobreza educativa del Paraguay\u201d.<\/p>\n","protected":false},"excerpt":{"rendered":"<p>Caacup\u00e9, Segundo D\u00eda del Novenario 2025. En la ma\u00f1ana de este segundo d\u00eda del Novenario en honor a la Inmaculada Concepci\u00f3n de Caacup\u00e9, el Pbro. Dr. Nilo Z\u00e1rate sdb presidi\u00f3 [&hellip;]<\/p>\n","protected":false},"author":1,"featured_media":498,"comment_status":"open","ping_status":"open","sticky":false,"template":"","format":"standard","meta":{"_monsterinsights_skip_tracking":false,"_monsterinsights_sitenote_active":false,"_monsterinsights_sitenote_note":"","_monsterinsights_sitenote_category":0,"_jetpack_memberships_contains_paid_content":false,"footnotes":""},"categories":[1],"tags":[],"class_list":["post-497","post","type-post","status-publish","format-standard","has-post-thumbnail","hentry","category-uncategorized"],"jetpack_featured_media_url":"https:\/\/episcopal.org.py\/wp-content\/uploads\/2025\/11\/591246299_1277644424400763_3563052057316424768_n.jpg","jetpack_sharing_enabled":true,"_links":{"self":[{"href":"https:\/\/episcopal.org.py\/index.php?rest_route=\/wp\/v2\/posts\/497","targetHints":{"allow":["GET"]}}],"collection":[{"href":"https:\/\/episcopal.org.py\/index.php?rest_route=\/wp\/v2\/posts"}],"about":[{"href":"https:\/\/episcopal.org.py\/index.php?rest_route=\/wp\/v2\/types\/post"}],"author":[{"embeddable":true,"href":"https:\/\/episcopal.org.py\/index.php?rest_route=\/wp\/v2\/users\/1"}],"replies":[{"embeddable":true,"href":"https:\/\/episcopal.org.py\/index.php?rest_route=%2Fwp%2Fv2%2Fcomments&post=497"}],"version-history":[{"count":1,"href":"https:\/\/episcopal.org.py\/index.php?rest_route=\/wp\/v2\/posts\/497\/revisions"}],"predecessor-version":[{"id":499,"href":"https:\/\/episcopal.org.py\/index.php?rest_route=\/wp\/v2\/posts\/497\/revisions\/499"}],"wp:featuredmedia":[{"embeddable":true,"href":"https:\/\/episcopal.org.py\/index.php?rest_route=\/wp\/v2\/media\/498"}],"wp:attachment":[{"href":"https:\/\/episcopal.org.py\/index.php?rest_route=%2Fwp%2Fv2%2Fmedia&parent=497"}],"wp:term":[{"taxonomy":"category","embeddable":true,"href":"https:\/\/episcopal.org.py\/index.php?rest_route=%2Fwp%2Fv2%2Fcategories&post=497"},{"taxonomy":"post_tag","embeddable":true,"href":"https:\/\/episcopal.org.py\/index.php?rest_route=%2Fwp%2Fv2%2Ftags&post=497"}],"curies":[{"name":"wp","href":"https:\/\/api.w.org\/{rel}","templated":true}]}}