{"id":488,"date":"2025-11-28T11:45:28","date_gmt":"2025-11-28T11:45:28","guid":{"rendered":"https:\/\/episcopal.org.py\/?p=488"},"modified":"2025-11-28T11:45:28","modified_gmt":"2025-11-28T11:45:28","slug":"novenario-de-caacupe-2025-mons-gabriel-escobar-llama-a-promover-el-bien-comun-y-a-asumir-un-compromiso-activo-con-el-pais","status":"publish","type":"post","link":"https:\/\/episcopal.org.py\/?p=488","title":{"rendered":"Novenario de Caacup\u00e9 2025: Mons. Gabriel Escobar llama a promover el bien com\u00fan y a asumir un compromiso activo con el pa\u00eds"},"content":{"rendered":"\n<h1 class=\"wp-block-heading\"><\/h1>\n\n\n\n<p><strong>Caacup\u00e9, viernes 28 de noviembre de 2025<\/strong> \u2014 Con profunda devoci\u00f3n y en un marco multitudinario, inici\u00f3 este viernes la tradicional Novena a la Virgen de los Milagros de Caacup\u00e9. En el primer d\u00eda, bajo el lema <strong>\u201cEl bien com\u00fan. Denles ustedes mismos de comer\u201d (Mt 14,16)<\/strong>, Mons. <strong>Gabriel Narciso Escobar Ayala<\/strong>, Obispo del Vicariato del Chaco Paraguayo, dirigi\u00f3 una homil\u00eda centrada en la responsabilidad de todos los paraguayos en la construcci\u00f3n de una vida digna y justa para el pa\u00eds.<\/p>\n\n\n\n<p>El obispo inici\u00f3 su mensaje expresando la alegr\u00eda del pueblo creyente al reencontrarse con la Madre Sant\u00edsima en su casa espiritual. Extendi\u00f3 un afectuoso saludo a los peregrinos de todo el pa\u00eds y de manera especial a los fieles del Chaco y a los paraguayos migrantes residentes en Argentina, Brasil, Estados Unidos y Espa\u00f1a.<\/p>\n\n\n\n<h2 class=\"wp-block-heading\"><strong>El llamado a \u201cpromover el bien com\u00fan\u201d<\/strong><\/h2>\n\n\n\n<p>Mons. Escobar explic\u00f3 que el a\u00f1o pastoral 2026, propuesto por los Obispos del Paraguay, estar\u00e1 orientado a profundizar el valor del <strong>bien com\u00fan<\/strong>, iluminado por la cita evang\u00e9lica \u201cDenles ustedes mismos de comer\u201d.<br>Reflexion\u00f3 sobre las lecturas del d\u00eda, especialmente el relato del man\u00e1 en el desierto, destacando que Dios siempre acompa\u00f1a, pero invita a sus hijos a responder con libertad, responsabilidad y compromiso.<\/p>\n\n\n\n<p>El obispo record\u00f3 que la fe aut\u00e9ntica no se reduce a rezar o pedir milagros, sino que exige obras concretas que dignifiquen la vida del pr\u00f3jimo:<\/p>\n\n\n\n<blockquote class=\"wp-block-quote is-layout-flow wp-block-quote-is-layout-flow\">\n<p><em>\u201cDios hace algo, pero tambi\u00e9n nos dice: Te he hecho a ti. Colabora conmigo.\u201d<\/em><\/p>\n<\/blockquote>\n\n\n\n<h2 class=\"wp-block-heading\"><strong>Un an\u00e1lisis de la realidad nacional: logros y profundas deudas sociales<\/strong><\/h2>\n\n\n\n<p>Durante su homil\u00eda, el obispo expuso con claridad las luces y sombras de la realidad nacional.<br>Reconoci\u00f3 los avances econ\u00f3micos del pa\u00eds, pero cuestion\u00f3 la falta de mejoras reales para el paraguayo com\u00fan, especialmente los m\u00e1s pobres.<\/p>\n\n\n\n<p>Denunci\u00f3 situaciones que generan descontento social, como:<\/p>\n\n\n\n<ul class=\"wp-block-list\">\n<li>precarizaci\u00f3n laboral y bajos salarios,<\/li>\n\n\n\n<li>desigualdad en el acceso a salud, educaci\u00f3n y tierra,<\/li>\n\n\n\n<li>problemas persistentes en instituciones como IPS, ESSAP y transporte p\u00fablico,<\/li>\n\n\n\n<li>casos de mala gesti\u00f3n y corrupci\u00f3n,<\/li>\n\n\n\n<li>injusticias que afectan a campesinos e ind\u00edgenas,<\/li>\n\n\n\n<li>entrega irregular de tierras del Estado,<\/li>\n\n\n\n<li>falta de respuestas ante la desaparici\u00f3n de compatriotas v\u00edctimas de secuestro.<\/li>\n<\/ul>\n\n\n\n<p>Mons. Escobar fue especialmente firme al pedir a las autoridades mayor sensibilidad y coherencia:<\/p>\n\n\n\n<blockquote class=\"wp-block-quote is-layout-flow wp-block-quote-is-layout-flow\">\n<p><em>\u201cUtilicemos el dinero del pueblo para el pueblo. No al aumento de impuestos y tarifas. Invirtamos prioritariamente en salud, educaci\u00f3n, trabajo y seguridad.\u201d<\/em><\/p>\n<\/blockquote>\n\n\n\n<p>Tambi\u00e9n exhort\u00f3 a parlamentarios, ministros, jueces y dem\u00e1s autoridades a \u201csalir a ver y sentir\u201d las necesidades de la gente recorriendo escuelas, hospitales, instituciones p\u00fablicas y comunidades.<\/p>\n\n\n\n<h2 class=\"wp-block-heading\"><strong>Cristo, el verdadero Pan que alimenta el alma<\/strong><\/h2>\n\n\n\n<p>El obispo record\u00f3 que, si bien las necesidades materiales son urgentes, el ser humano tambi\u00e9n necesita el alimento espiritual:<\/p>\n\n\n\n<blockquote class=\"wp-block-quote is-layout-flow wp-block-quote-is-layout-flow\">\n<p><em>\u201cNo solo de pan vive el hombre. Si decimos que somos una naci\u00f3n creyente, debe notarse en nuestras acciones y en nuestro compromiso por el bien com\u00fan.\u201d<\/em><\/p>\n<\/blockquote>\n\n\n\n<p>Invit\u00f3 a valorar cada Eucarist\u00eda como el encuentro con Cristo, Pan de Vida, capaz de transformar los corazones y motivar obras de justicia, amor y paz.<\/p>\n\n\n\n<h2 class=\"wp-block-heading\"><strong>Un llamado a la esperanza y al compromiso<\/strong><\/h2>\n\n\n\n<p>Al concluir, Mons. Escobar anim\u00f3 a los fieles a vivir este novenario como un tiempo de renovaci\u00f3n personal y social:<\/p>\n\n\n\n<blockquote class=\"wp-block-quote is-layout-flow wp-block-quote-is-layout-flow\">\n<p><em>\u201cCompromet\u00e1monos a colaborar para que el Reino de Dios se extienda. Es el Reino de la Verdad, la Justicia, la Vida, la Santidad, la Gracia, el Amor y la Paz.\u201d<\/em><\/p>\n<\/blockquote>\n\n\n\n<p>Con un emotivo <strong>\u201cQue as\u00ed sea\u201d<\/strong>, el obispo abri\u00f3 oficialmente la caminata espiritual hacia la gran fiesta del <strong>8 de diciembre<\/strong>, invitando a todos los paraguayos a asumir su rol en la construcci\u00f3n de un Paraguay m\u00e1s justo y solidario.<\/p>\n\n\n\n<figure class=\"wp-block-image size-large\"><img loading=\"lazy\" decoding=\"async\" width=\"1024\" height=\"682\" src=\"https:\/\/episcopal.org.py\/wp-content\/uploads\/2025\/11\/WhatsApp-Image-2025-11-28-at-8.43.36-AM-1024x682.jpeg\" alt=\"\" class=\"wp-image-489\" srcset=\"https:\/\/episcopal.org.py\/wp-content\/uploads\/2025\/11\/WhatsApp-Image-2025-11-28-at-8.43.36-AM-1024x682.jpeg 1024w, https:\/\/episcopal.org.py\/wp-content\/uploads\/2025\/11\/WhatsApp-Image-2025-11-28-at-8.43.36-AM-300x200.jpeg 300w, https:\/\/episcopal.org.py\/wp-content\/uploads\/2025\/11\/WhatsApp-Image-2025-11-28-at-8.43.36-AM-768x512.jpeg 768w, https:\/\/episcopal.org.py\/wp-content\/uploads\/2025\/11\/WhatsApp-Image-2025-11-28-at-8.43.36-AM-1536x1023.jpeg 1536w, https:\/\/episcopal.org.py\/wp-content\/uploads\/2025\/11\/WhatsApp-Image-2025-11-28-at-8.43.36-AM.jpeg 1600w\" sizes=\"auto, (max-width: 1024px) 100vw, 1024px\" \/><\/figure>\n","protected":false},"excerpt":{"rendered":"<p>Caacup\u00e9, viernes 28 de noviembre de 2025 \u2014 Con profunda devoci\u00f3n y en un marco multitudinario, inici\u00f3 este viernes la tradicional Novena a la Virgen de los Milagros de Caacup\u00e9. [&hellip;]<\/p>\n","protected":false},"author":1,"featured_media":490,"comment_status":"open","ping_status":"open","sticky":false,"template":"","format":"standard","meta":{"_monsterinsights_skip_tracking":false,"_monsterinsights_sitenote_active":false,"_monsterinsights_sitenote_note":"","_monsterinsights_sitenote_category":0,"_jetpack_memberships_contains_paid_content":false,"footnotes":""},"categories":[1],"tags":[],"class_list":["post-488","post","type-post","status-publish","format-standard","has-post-thumbnail","hentry","category-uncategorized"],"jetpack_featured_media_url":"https:\/\/episcopal.org.py\/wp-content\/uploads\/2025\/11\/WhatsApp-Image-2025-11-28-at-8.43.36-AM-1.jpeg","jetpack_sharing_enabled":true,"_links":{"self":[{"href":"https:\/\/episcopal.org.py\/index.php?rest_route=\/wp\/v2\/posts\/488","targetHints":{"allow":["GET"]}}],"collection":[{"href":"https:\/\/episcopal.org.py\/index.php?rest_route=\/wp\/v2\/posts"}],"about":[{"href":"https:\/\/episcopal.org.py\/index.php?rest_route=\/wp\/v2\/types\/post"}],"author":[{"embeddable":true,"href":"https:\/\/episcopal.org.py\/index.php?rest_route=\/wp\/v2\/users\/1"}],"replies":[{"embeddable":true,"href":"https:\/\/episcopal.org.py\/index.php?rest_route=%2Fwp%2Fv2%2Fcomments&post=488"}],"version-history":[{"count":1,"href":"https:\/\/episcopal.org.py\/index.php?rest_route=\/wp\/v2\/posts\/488\/revisions"}],"predecessor-version":[{"id":491,"href":"https:\/\/episcopal.org.py\/index.php?rest_route=\/wp\/v2\/posts\/488\/revisions\/491"}],"wp:featuredmedia":[{"embeddable":true,"href":"https:\/\/episcopal.org.py\/index.php?rest_route=\/wp\/v2\/media\/490"}],"wp:attachment":[{"href":"https:\/\/episcopal.org.py\/index.php?rest_route=%2Fwp%2Fv2%2Fmedia&parent=488"}],"wp:term":[{"taxonomy":"category","embeddable":true,"href":"https:\/\/episcopal.org.py\/index.php?rest_route=%2Fwp%2Fv2%2Fcategories&post=488"},{"taxonomy":"post_tag","embeddable":true,"href":"https:\/\/episcopal.org.py\/index.php?rest_route=%2Fwp%2Fv2%2Ftags&post=488"}],"curies":[{"name":"wp","href":"https:\/\/api.w.org\/{rel}","templated":true}]}}