{"id":474,"date":"2025-11-25T20:10:06","date_gmt":"2025-11-25T20:10:06","guid":{"rendered":"https:\/\/episcopal.org.py\/?p=474"},"modified":"2025-11-25T20:10:06","modified_gmt":"2025-11-25T20:10:06","slug":"congreso-nacional-de-jovenes-indigenas-conectando-raices-comunicacion-indigena-en-tiempos-digitales","status":"publish","type":"post","link":"https:\/\/episcopal.org.py\/?p=474","title":{"rendered":"Congreso Nacional de J\u00f3venes Ind\u00edgenas: \u201cConectando ra\u00edces: comunicaci\u00f3n ind\u00edgena en tiempos digitales\u201d"},"content":{"rendered":"\n<p>Se llev\u00f3 a cabo el <strong>Congreso Nacional de J\u00f3venes Ind\u00edgenas<\/strong>, bajo el lema <strong>\u201cConectando ra\u00edces: comunicaci\u00f3n ind\u00edgena en tiempos digitales\u201d<\/strong>, en el Aula Magna de la Universidad Cat\u00f3lica. El encuentro fue organizado por la <strong>Coordinaci\u00f3n Nacional de Pastoral Ind\u00edgena (Conapi)<\/strong> de la Conferencia Episcopal Paraguaya.<\/p>\n\n\n\n<h3 class=\"wp-block-heading\"><strong>Apertura con un momento sagrado<\/strong><\/h3>\n\n\n\n<p>El congreso inici\u00f3 con un emotivo momento sagrado protagonizado por ni\u00f1os y ni\u00f1as de la <strong>Comunidad Tarumandumi de Luque<\/strong>, quienes ofrecieron una expresi\u00f3n simb\u00f3lica de la espiritualidad y la identidad cultural de sus pueblos.<\/p>\n\n\n\n<h3 class=\"wp-block-heading\"><strong>Tecnolog\u00edas para fortalecer la cultura<\/strong><\/h3>\n\n\n\n<p>El <strong>P. Enrique Gazka<\/strong>, coordinador de la Conapi, alent\u00f3 a los j\u00f3venes a utilizar de manera activa y creativa las tecnolog\u00edas digitales para <strong>promover y fortalecer sus culturas<\/strong>, favorecer v\u00ednculos comunitarios y fomentar una comunicaci\u00f3n genuinamente intercultural. A la vez, record\u00f3 la importancia de reconocer los l\u00edmites y desaf\u00edos que acompa\u00f1an el uso de estas herramientas.<\/p>\n\n\n\n<h3 class=\"wp-block-heading\"><strong>Mirada joven sobre el mundo digital<\/strong><\/h3>\n\n\n\n<p>El comunicador y docente <strong>Luis Fernando Ib\u00e1\u00f1ez<\/strong> ofreci\u00f3 una exposici\u00f3n centrada en la participaci\u00f3n de los pueblos ind\u00edgenas en el entorno digital. Se\u00f1al\u00f3 que las tecnolog\u00edas pueden impulsar el desarrollo comunitario y cultural, y resalt\u00f3 la necesidad de una <strong>formaci\u00f3n constante<\/strong> para comprender tanto sus posibilidades como sus riesgos. Adem\u00e1s, brind\u00f3 una introducci\u00f3n al mundo de la <strong>Inteligencia Artificial<\/strong>.<\/p>\n\n\n\n<h3 class=\"wp-block-heading\"><strong>Intercambio de experiencias<\/strong><\/h3>\n\n\n\n<p>Durante el encuentro, los j\u00f3venes compartieron experiencias sobre el uso de tecnolog\u00edas en sus comunidades. Coincidieron en que, si bien existen plataformas y redes comunes, es necesario <strong>mejorar la producci\u00f3n de contenidos<\/strong> que reflejen la vida comunitaria, difundan sus culturas y visibilicen la realidad de sus Pueblos ante un p\u00fablico m\u00e1s amplio.<\/p>\n\n\n\n<h3 class=\"wp-block-heading\"><strong>Conclusiones y compromisos<\/strong><\/h3>\n\n\n\n<p>Los participantes destacaron la importancia de <strong>profundizar el di\u00e1logo y el an\u00e1lisis<\/strong> sobre las tecnolog\u00edas digitales, comprendiendo tanto sus riesgos como su potencial transformador. Reconocieron que este congreso constituye un <strong>paso significativo<\/strong> para avanzar en la gesti\u00f3n comunitaria y en la visibilidad de los Pueblos Ind\u00edgenas.<\/p>\n\n\n\n<p>Finalmente, los j\u00f3venes reafirmaron su compromiso de <strong>incorporar las tecnolog\u00edas<\/strong> en sus trabajos, artesan\u00edas y procesos comunitarios, con la convicci\u00f3n de que estas herramientas pueden abrir nuevas oportunidades para sus pueblos.<\/p>\n\n\n\n<figure class=\"wp-block-image size-large\"><img loading=\"lazy\" decoding=\"async\" width=\"1024\" height=\"683\" src=\"https:\/\/episcopal.org.py\/wp-content\/uploads\/2025\/11\/WhatsApp-Image-2025-11-24-at-8.39.53-AM-2-1024x683.jpeg\" alt=\"\" class=\"wp-image-476\" srcset=\"https:\/\/episcopal.org.py\/wp-content\/uploads\/2025\/11\/WhatsApp-Image-2025-11-24-at-8.39.53-AM-2-1024x683.jpeg 1024w, https:\/\/episcopal.org.py\/wp-content\/uploads\/2025\/11\/WhatsApp-Image-2025-11-24-at-8.39.53-AM-2-300x200.jpeg 300w, https:\/\/episcopal.org.py\/wp-content\/uploads\/2025\/11\/WhatsApp-Image-2025-11-24-at-8.39.53-AM-2-768x512.jpeg 768w, https:\/\/episcopal.org.py\/wp-content\/uploads\/2025\/11\/WhatsApp-Image-2025-11-24-at-8.39.53-AM-2.jpeg 1500w\" sizes=\"auto, (max-width: 1024px) 100vw, 1024px\" \/><\/figure>\n\n\n\n<figure class=\"wp-block-gallery has-nested-images columns-default is-cropped wp-block-gallery-1 is-layout-flex wp-block-gallery-is-layout-flex\">\n<figure class=\"wp-block-image size-large\"><img loading=\"lazy\" decoding=\"async\" width=\"1024\" height=\"683\" data-id=\"477\" src=\"https:\/\/episcopal.org.py\/wp-content\/uploads\/2025\/11\/WhatsApp-Image-2025-11-24-at-8.39.54-AM-1024x683.jpeg\" alt=\"\" class=\"wp-image-477\" srcset=\"https:\/\/episcopal.org.py\/wp-content\/uploads\/2025\/11\/WhatsApp-Image-2025-11-24-at-8.39.54-AM-1024x683.jpeg 1024w, https:\/\/episcopal.org.py\/wp-content\/uploads\/2025\/11\/WhatsApp-Image-2025-11-24-at-8.39.54-AM-300x200.jpeg 300w, https:\/\/episcopal.org.py\/wp-content\/uploads\/2025\/11\/WhatsApp-Image-2025-11-24-at-8.39.54-AM-768x512.jpeg 768w, https:\/\/episcopal.org.py\/wp-content\/uploads\/2025\/11\/WhatsApp-Image-2025-11-24-at-8.39.54-AM.jpeg 1500w\" sizes=\"auto, (max-width: 1024px) 100vw, 1024px\" \/><\/figure>\n<\/figure>\n\n\n\n<figure class=\"wp-block-image size-large\"><img loading=\"lazy\" decoding=\"async\" width=\"1024\" height=\"510\" src=\"https:\/\/episcopal.org.py\/wp-content\/uploads\/2025\/11\/WhatsApp-Image-2025-11-24-at-8.39.53-AM-1-1-1024x510.jpeg\" alt=\"\" class=\"wp-image-478\" srcset=\"https:\/\/episcopal.org.py\/wp-content\/uploads\/2025\/11\/WhatsApp-Image-2025-11-24-at-8.39.53-AM-1-1-1024x510.jpeg 1024w, https:\/\/episcopal.org.py\/wp-content\/uploads\/2025\/11\/WhatsApp-Image-2025-11-24-at-8.39.53-AM-1-1-300x149.jpeg 300w, https:\/\/episcopal.org.py\/wp-content\/uploads\/2025\/11\/WhatsApp-Image-2025-11-24-at-8.39.53-AM-1-1-768x382.jpeg 768w, https:\/\/episcopal.org.py\/wp-content\/uploads\/2025\/11\/WhatsApp-Image-2025-11-24-at-8.39.53-AM-1-1.jpeg 1500w\" sizes=\"auto, (max-width: 1024px) 100vw, 1024px\" \/><\/figure>\n\n\n\n<figure class=\"wp-block-image size-large\"><img loading=\"lazy\" decoding=\"async\" width=\"1024\" height=\"683\" src=\"https:\/\/episcopal.org.py\/wp-content\/uploads\/2025\/11\/WhatsApp-Image-2025-11-24-at-8.39.53-AM-1024x683.jpeg\" alt=\"\" class=\"wp-image-479\" srcset=\"https:\/\/episcopal.org.py\/wp-content\/uploads\/2025\/11\/WhatsApp-Image-2025-11-24-at-8.39.53-AM-1024x683.jpeg 1024w, https:\/\/episcopal.org.py\/wp-content\/uploads\/2025\/11\/WhatsApp-Image-2025-11-24-at-8.39.53-AM-300x200.jpeg 300w, https:\/\/episcopal.org.py\/wp-content\/uploads\/2025\/11\/WhatsApp-Image-2025-11-24-at-8.39.53-AM-768x512.jpeg 768w, https:\/\/episcopal.org.py\/wp-content\/uploads\/2025\/11\/WhatsApp-Image-2025-11-24-at-8.39.53-AM.jpeg 1200w\" sizes=\"auto, (max-width: 1024px) 100vw, 1024px\" \/><\/figure>\n","protected":false},"excerpt":{"rendered":"<p>Se llev\u00f3 a cabo el Congreso Nacional de J\u00f3venes Ind\u00edgenas, bajo el lema \u201cConectando ra\u00edces: comunicaci\u00f3n ind\u00edgena en tiempos digitales\u201d, en el Aula Magna de la Universidad Cat\u00f3lica. El encuentro [&hellip;]<\/p>\n","protected":false},"author":1,"featured_media":475,"comment_status":"open","ping_status":"open","sticky":false,"template":"","format":"standard","meta":{"_monsterinsights_skip_tracking":false,"_monsterinsights_sitenote_active":false,"_monsterinsights_sitenote_note":"","_monsterinsights_sitenote_category":0,"_jetpack_memberships_contains_paid_content":false,"footnotes":""},"categories":[1],"tags":[],"class_list":["post-474","post","type-post","status-publish","format-standard","has-post-thumbnail","hentry","category-uncategorized"],"jetpack_featured_media_url":"https:\/\/episcopal.org.py\/wp-content\/uploads\/2025\/11\/WhatsApp-Image-2025-11-24-at-8.39.53-AM-1.jpeg","jetpack_sharing_enabled":true,"_links":{"self":[{"href":"https:\/\/episcopal.org.py\/index.php?rest_route=\/wp\/v2\/posts\/474","targetHints":{"allow":["GET"]}}],"collection":[{"href":"https:\/\/episcopal.org.py\/index.php?rest_route=\/wp\/v2\/posts"}],"about":[{"href":"https:\/\/episcopal.org.py\/index.php?rest_route=\/wp\/v2\/types\/post"}],"author":[{"embeddable":true,"href":"https:\/\/episcopal.org.py\/index.php?rest_route=\/wp\/v2\/users\/1"}],"replies":[{"embeddable":true,"href":"https:\/\/episcopal.org.py\/index.php?rest_route=%2Fwp%2Fv2%2Fcomments&post=474"}],"version-history":[{"count":1,"href":"https:\/\/episcopal.org.py\/index.php?rest_route=\/wp\/v2\/posts\/474\/revisions"}],"predecessor-version":[{"id":480,"href":"https:\/\/episcopal.org.py\/index.php?rest_route=\/wp\/v2\/posts\/474\/revisions\/480"}],"wp:featuredmedia":[{"embeddable":true,"href":"https:\/\/episcopal.org.py\/index.php?rest_route=\/wp\/v2\/media\/475"}],"wp:attachment":[{"href":"https:\/\/episcopal.org.py\/index.php?rest_route=%2Fwp%2Fv2%2Fmedia&parent=474"}],"wp:term":[{"taxonomy":"category","embeddable":true,"href":"https:\/\/episcopal.org.py\/index.php?rest_route=%2Fwp%2Fv2%2Fcategories&post=474"},{"taxonomy":"post_tag","embeddable":true,"href":"https:\/\/episcopal.org.py\/index.php?rest_route=%2Fwp%2Fv2%2Ftags&post=474"}],"curies":[{"name":"wp","href":"https:\/\/api.w.org\/{rel}","templated":true}]}}