{"id":469,"date":"2025-11-23T11:31:31","date_gmt":"2025-11-23T11:31:31","guid":{"rendered":"https:\/\/episcopal.org.py\/?p=469"},"modified":"2025-11-23T11:31:31","modified_gmt":"2025-11-23T11:31:31","slug":"formadores-de-catequistas-participaron-del-taller-perdon-y-reconciliacion-en-la-casa-pastoral-de-la-cep","status":"publish","type":"post","link":"https:\/\/episcopal.org.py\/?p=469","title":{"rendered":"Formadores de Catequistas participaron del Taller \u201cPerd\u00f3n y Reconciliaci\u00f3n\u201d en la Casa Pastoral de la CEP"},"content":{"rendered":"\n<h2 class=\"wp-block-heading\"><\/h2>\n\n\n\n<p>En la Casa Pastoral de la Conferencia Episcopal Paraguaya, un grupo de formadores de catequistas de la Coordinaci\u00f3n Nacional y de DAPAC llev\u00f3 adelante una jornada de formaci\u00f3n permanente con el taller <strong>\u201cPerd\u00f3n y Reconciliaci\u00f3n\u201d<\/strong>, guiado por la psic\u00f3loga <strong>Lic. Stella Romero<\/strong>.<\/p>\n\n\n\n<p>La propuesta formativa se desarroll\u00f3 dentro de la dimensi\u00f3n del <em>SER<\/em>, uno de los pilares fundamentales en el camino del catequista, con el objetivo de <strong>sanar heridas personales para poder acompa\u00f1ar mejor a los dem\u00e1s<\/strong>.<br>En un ambiente profundamente espiritual y de interiorizaci\u00f3n, los participantes reflexionaron sobre qu\u00e9 es y qu\u00e9 no es el perd\u00f3n, y c\u00f3mo vivirlo en relaci\u00f3n con los dem\u00e1s, con los padres y con uno mismo.<\/p>\n\n\n\n<p>La Casa Pastoral ofreci\u00f3 un espacio propicio por su clima de paz y recogimiento, favoreciendo la experiencia y el encuentro personal.<\/p>\n\n\n\n<p>El taller <strong>estar\u00e1 disponible para las di\u00f3cesis a partir del pr\u00f3ximo a\u00f1o<\/strong>, como una herramienta para fortalecer la formaci\u00f3n integral de los catequistas en todo el pa\u00eds.<\/p>\n\n\n\n<figure class=\"wp-block-image size-large\"><img loading=\"lazy\" decoding=\"async\" width=\"768\" height=\"1024\" src=\"https:\/\/episcopal.org.py\/wp-content\/uploads\/2025\/11\/WhatsApp-Image-2025-11-23-at-6.21.55-AM-2-768x1024.jpeg\" alt=\"\" class=\"wp-image-470\" srcset=\"https:\/\/episcopal.org.py\/wp-content\/uploads\/2025\/11\/WhatsApp-Image-2025-11-23-at-6.21.55-AM-2-768x1024.jpeg 768w, https:\/\/episcopal.org.py\/wp-content\/uploads\/2025\/11\/WhatsApp-Image-2025-11-23-at-6.21.55-AM-2-225x300.jpeg 225w, https:\/\/episcopal.org.py\/wp-content\/uploads\/2025\/11\/WhatsApp-Image-2025-11-23-at-6.21.55-AM-2.jpeg 960w\" sizes=\"auto, (max-width: 768px) 100vw, 768px\" \/><\/figure>\n\n\n\n\n\n<figure class=\"wp-block-image size-large\"><img loading=\"lazy\" decoding=\"async\" width=\"576\" height=\"1024\" src=\"https:\/\/episcopal.org.py\/wp-content\/uploads\/2025\/11\/WhatsApp-Image-2025-11-23-at-6.21.54-AM-576x1024.jpeg\" alt=\"\" class=\"wp-image-471\" srcset=\"https:\/\/episcopal.org.py\/wp-content\/uploads\/2025\/11\/WhatsApp-Image-2025-11-23-at-6.21.54-AM-576x1024.jpeg 576w, https:\/\/episcopal.org.py\/wp-content\/uploads\/2025\/11\/WhatsApp-Image-2025-11-23-at-6.21.54-AM-169x300.jpeg 169w, https:\/\/episcopal.org.py\/wp-content\/uploads\/2025\/11\/WhatsApp-Image-2025-11-23-at-6.21.54-AM.jpeg 720w\" sizes=\"auto, (max-width: 576px) 100vw, 576px\" \/><\/figure>\n","protected":false},"excerpt":{"rendered":"<p>En la Casa Pastoral de la Conferencia Episcopal Paraguaya, un grupo de formadores de catequistas de la Coordinaci\u00f3n Nacional y de DAPAC llev\u00f3 adelante una jornada de formaci\u00f3n permanente con [&hellip;]<\/p>\n","protected":false},"author":1,"featured_media":472,"comment_status":"open","ping_status":"open","sticky":false,"template":"","format":"standard","meta":{"_monsterinsights_skip_tracking":false,"_monsterinsights_sitenote_active":false,"_monsterinsights_sitenote_note":"","_monsterinsights_sitenote_category":0,"_jetpack_memberships_contains_paid_content":false,"footnotes":""},"categories":[1],"tags":[],"class_list":["post-469","post","type-post","status-publish","format-standard","has-post-thumbnail","hentry","category-uncategorized"],"jetpack_featured_media_url":"https:\/\/episcopal.org.py\/wp-content\/uploads\/2025\/11\/WhatsApp-Image-2025-11-23-at-6.21.56-AM.jpeg","jetpack_sharing_enabled":true,"_links":{"self":[{"href":"https:\/\/episcopal.org.py\/index.php?rest_route=\/wp\/v2\/posts\/469","targetHints":{"allow":["GET"]}}],"collection":[{"href":"https:\/\/episcopal.org.py\/index.php?rest_route=\/wp\/v2\/posts"}],"about":[{"href":"https:\/\/episcopal.org.py\/index.php?rest_route=\/wp\/v2\/types\/post"}],"author":[{"embeddable":true,"href":"https:\/\/episcopal.org.py\/index.php?rest_route=\/wp\/v2\/users\/1"}],"replies":[{"embeddable":true,"href":"https:\/\/episcopal.org.py\/index.php?rest_route=%2Fwp%2Fv2%2Fcomments&post=469"}],"version-history":[{"count":1,"href":"https:\/\/episcopal.org.py\/index.php?rest_route=\/wp\/v2\/posts\/469\/revisions"}],"predecessor-version":[{"id":473,"href":"https:\/\/episcopal.org.py\/index.php?rest_route=\/wp\/v2\/posts\/469\/revisions\/473"}],"wp:featuredmedia":[{"embeddable":true,"href":"https:\/\/episcopal.org.py\/index.php?rest_route=\/wp\/v2\/media\/472"}],"wp:attachment":[{"href":"https:\/\/episcopal.org.py\/index.php?rest_route=%2Fwp%2Fv2%2Fmedia&parent=469"}],"wp:term":[{"taxonomy":"category","embeddable":true,"href":"https:\/\/episcopal.org.py\/index.php?rest_route=%2Fwp%2Fv2%2Fcategories&post=469"},{"taxonomy":"post_tag","embeddable":true,"href":"https:\/\/episcopal.org.py\/index.php?rest_route=%2Fwp%2Fv2%2Ftags&post=469"}],"curies":[{"name":"wp","href":"https:\/\/api.w.org\/{rel}","templated":true}]}}