{"id":463,"date":"2025-11-22T17:08:31","date_gmt":"2025-11-22T17:08:31","guid":{"rendered":"https:\/\/episcopal.org.py\/?p=463"},"modified":"2025-11-22T17:08:31","modified_gmt":"2025-11-22T17:08:31","slug":"participacion-paraguaya-en-el-encuentro-de-la-red-eclesial-de-comunicacion-de-america-latina-y-el-caribe-2025","status":"publish","type":"post","link":"https:\/\/episcopal.org.py\/?p=463","title":{"rendered":"Participaci\u00f3n paraguaya en el Encuentro de la Red Eclesial de Comunicaci\u00f3n de Am\u00e9rica Latina y el Caribe 2025"},"content":{"rendered":"\n<p>La Conferencia Episcopal Paraguaya participa del <em>Encuentro de la Red Eclesial de Comunicaci\u00f3n de Am\u00e9rica Latina y el Caribe 2025<\/em>, convocado por el Centro para la Comunicaci\u00f3n, que se desarrolla del 21 al 23 de noviembre en la Casa de Encuentros del CELAM, en Bogot\u00e1.<\/p>\n\n\n\n<p>En representaci\u00f3n de la Pastoral de Comunicaci\u00f3n, se encuentran presentes <strong>Marcos Caba\u00f1a<\/strong> y <strong>Marta Lezcano<\/strong>, acompa\u00f1ados por <strong>Araceli Guti\u00e9rrez<\/strong>, de la REGCHAG, fortaleciendo la presencia paraguaya en este importante espacio eclesial.<\/p>\n\n\n\n<p>Durante la jornada de este viernes, la delegaci\u00f3n present\u00f3 las <strong>buenas pr\u00e1cticas comunicacionales<\/strong> desarrolladas en nuestro pa\u00eds, destacando especialmente la solidez de la Pastoral de Comunicaci\u00f3n y el trabajo en red realizado en clave sinodal.<\/p>\n\n\n\n<p>Agradecemos a todos quienes acompa\u00f1an este proceso y les invitamos a unirse con sus oraciones para que este encuentro siga dando frutos en favor de una comunicaci\u00f3n eclesial m\u00e1s fraterna, cercana y comprometida con la misi\u00f3n.<\/p>\n\n\n\n<figure class=\"wp-block-image size-large\"><img loading=\"lazy\" decoding=\"async\" width=\"1024\" height=\"473\" src=\"https:\/\/episcopal.org.py\/wp-content\/uploads\/2025\/11\/WhatsApp-Image-2025-11-22-at-11.11.07-AM-1-1024x473.jpeg\" alt=\"\" class=\"wp-image-464\" srcset=\"https:\/\/episcopal.org.py\/wp-content\/uploads\/2025\/11\/WhatsApp-Image-2025-11-22-at-11.11.07-AM-1-1024x473.jpeg 1024w, https:\/\/episcopal.org.py\/wp-content\/uploads\/2025\/11\/WhatsApp-Image-2025-11-22-at-11.11.07-AM-1-300x139.jpeg 300w, https:\/\/episcopal.org.py\/wp-content\/uploads\/2025\/11\/WhatsApp-Image-2025-11-22-at-11.11.07-AM-1-768x355.jpeg 768w, https:\/\/episcopal.org.py\/wp-content\/uploads\/2025\/11\/WhatsApp-Image-2025-11-22-at-11.11.07-AM-1-1536x709.jpeg 1536w, https:\/\/episcopal.org.py\/wp-content\/uploads\/2025\/11\/WhatsApp-Image-2025-11-22-at-11.11.07-AM-1.jpeg 1600w\" sizes=\"auto, (max-width: 1024px) 100vw, 1024px\" \/><\/figure>\n\n\n\n<figure class=\"wp-block-image size-large\"><img loading=\"lazy\" decoding=\"async\" width=\"1024\" height=\"473\" src=\"https:\/\/episcopal.org.py\/wp-content\/uploads\/2025\/11\/WhatsApp-Image-2025-11-22-at-11.11.07-AM-2-1024x473.jpeg\" alt=\"\" class=\"wp-image-465\" srcset=\"https:\/\/episcopal.org.py\/wp-content\/uploads\/2025\/11\/WhatsApp-Image-2025-11-22-at-11.11.07-AM-2-1024x473.jpeg 1024w, https:\/\/episcopal.org.py\/wp-content\/uploads\/2025\/11\/WhatsApp-Image-2025-11-22-at-11.11.07-AM-2-300x139.jpeg 300w, https:\/\/episcopal.org.py\/wp-content\/uploads\/2025\/11\/WhatsApp-Image-2025-11-22-at-11.11.07-AM-2-768x355.jpeg 768w, https:\/\/episcopal.org.py\/wp-content\/uploads\/2025\/11\/WhatsApp-Image-2025-11-22-at-11.11.07-AM-2-1536x709.jpeg 1536w, https:\/\/episcopal.org.py\/wp-content\/uploads\/2025\/11\/WhatsApp-Image-2025-11-22-at-11.11.07-AM-2.jpeg 1600w\" sizes=\"auto, (max-width: 1024px) 100vw, 1024px\" \/><\/figure>\n\n\n\n<figure class=\"wp-block-image size-large\"><img loading=\"lazy\" decoding=\"async\" width=\"1024\" height=\"473\" src=\"https:\/\/episcopal.org.py\/wp-content\/uploads\/2025\/11\/WhatsApp-Image-2025-11-22-at-11.11.07-AM-1024x473.jpeg\" alt=\"\" class=\"wp-image-466\" srcset=\"https:\/\/episcopal.org.py\/wp-content\/uploads\/2025\/11\/WhatsApp-Image-2025-11-22-at-11.11.07-AM-1024x473.jpeg 1024w, https:\/\/episcopal.org.py\/wp-content\/uploads\/2025\/11\/WhatsApp-Image-2025-11-22-at-11.11.07-AM-300x139.jpeg 300w, https:\/\/episcopal.org.py\/wp-content\/uploads\/2025\/11\/WhatsApp-Image-2025-11-22-at-11.11.07-AM-768x355.jpeg 768w, https:\/\/episcopal.org.py\/wp-content\/uploads\/2025\/11\/WhatsApp-Image-2025-11-22-at-11.11.07-AM-1536x709.jpeg 1536w, https:\/\/episcopal.org.py\/wp-content\/uploads\/2025\/11\/WhatsApp-Image-2025-11-22-at-11.11.07-AM.jpeg 1600w\" sizes=\"auto, (max-width: 1024px) 100vw, 1024px\" \/><\/figure>\n\n\n\n<figure class=\"wp-block-image size-large\"><img loading=\"lazy\" decoding=\"async\" width=\"1024\" height=\"473\" src=\"https:\/\/episcopal.org.py\/wp-content\/uploads\/2025\/11\/WhatsApp-Image-2025-11-22-at-11.43.13-AM-1024x473.jpeg\" alt=\"\" class=\"wp-image-467\" srcset=\"https:\/\/episcopal.org.py\/wp-content\/uploads\/2025\/11\/WhatsApp-Image-2025-11-22-at-11.43.13-AM-1024x473.jpeg 1024w, https:\/\/episcopal.org.py\/wp-content\/uploads\/2025\/11\/WhatsApp-Image-2025-11-22-at-11.43.13-AM-300x139.jpeg 300w, https:\/\/episcopal.org.py\/wp-content\/uploads\/2025\/11\/WhatsApp-Image-2025-11-22-at-11.43.13-AM-768x355.jpeg 768w, https:\/\/episcopal.org.py\/wp-content\/uploads\/2025\/11\/WhatsApp-Image-2025-11-22-at-11.43.13-AM-1536x709.jpeg 1536w, https:\/\/episcopal.org.py\/wp-content\/uploads\/2025\/11\/WhatsApp-Image-2025-11-22-at-11.43.13-AM.jpeg 1600w\" sizes=\"auto, (max-width: 1024px) 100vw, 1024px\" \/><\/figure>\n","protected":false},"excerpt":{"rendered":"<p>La Conferencia Episcopal Paraguaya participa del Encuentro de la Red Eclesial de Comunicaci\u00f3n de Am\u00e9rica Latina y el Caribe 2025, convocado por el Centro para la Comunicaci\u00f3n, que se desarrolla [&hellip;]<\/p>\n","protected":false},"author":1,"featured_media":465,"comment_status":"open","ping_status":"open","sticky":false,"template":"","format":"standard","meta":{"_monsterinsights_skip_tracking":false,"_monsterinsights_sitenote_active":false,"_monsterinsights_sitenote_note":"","_monsterinsights_sitenote_category":0,"_jetpack_memberships_contains_paid_content":false,"footnotes":""},"categories":[1],"tags":[],"class_list":["post-463","post","type-post","status-publish","format-standard","has-post-thumbnail","hentry","category-uncategorized"],"jetpack_featured_media_url":"https:\/\/episcopal.org.py\/wp-content\/uploads\/2025\/11\/WhatsApp-Image-2025-11-22-at-11.11.07-AM-2.jpeg","jetpack_sharing_enabled":true,"_links":{"self":[{"href":"https:\/\/episcopal.org.py\/index.php?rest_route=\/wp\/v2\/posts\/463","targetHints":{"allow":["GET"]}}],"collection":[{"href":"https:\/\/episcopal.org.py\/index.php?rest_route=\/wp\/v2\/posts"}],"about":[{"href":"https:\/\/episcopal.org.py\/index.php?rest_route=\/wp\/v2\/types\/post"}],"author":[{"embeddable":true,"href":"https:\/\/episcopal.org.py\/index.php?rest_route=\/wp\/v2\/users\/1"}],"replies":[{"embeddable":true,"href":"https:\/\/episcopal.org.py\/index.php?rest_route=%2Fwp%2Fv2%2Fcomments&post=463"}],"version-history":[{"count":1,"href":"https:\/\/episcopal.org.py\/index.php?rest_route=\/wp\/v2\/posts\/463\/revisions"}],"predecessor-version":[{"id":468,"href":"https:\/\/episcopal.org.py\/index.php?rest_route=\/wp\/v2\/posts\/463\/revisions\/468"}],"wp:featuredmedia":[{"embeddable":true,"href":"https:\/\/episcopal.org.py\/index.php?rest_route=\/wp\/v2\/media\/465"}],"wp:attachment":[{"href":"https:\/\/episcopal.org.py\/index.php?rest_route=%2Fwp%2Fv2%2Fmedia&parent=463"}],"wp:term":[{"taxonomy":"category","embeddable":true,"href":"https:\/\/episcopal.org.py\/index.php?rest_route=%2Fwp%2Fv2%2Fcategories&post=463"},{"taxonomy":"post_tag","embeddable":true,"href":"https:\/\/episcopal.org.py\/index.php?rest_route=%2Fwp%2Fv2%2Ftags&post=463"}],"curies":[{"name":"wp","href":"https:\/\/api.w.org\/{rel}","templated":true}]}}