{"id":457,"date":"2025-11-22T17:02:52","date_gmt":"2025-11-22T17:02:52","guid":{"rendered":"https:\/\/episcopal.org.py\/?p=457"},"modified":"2025-11-22T17:03:19","modified_gmt":"2025-11-22T17:03:19","slug":"457","status":"publish","type":"post","link":"https:\/\/episcopal.org.py\/?p=457","title":{"rendered":"Segunda jornada del IV Congreso Nacional de Educaci\u00f3n Cat\u00f3lica"},"content":{"rendered":"\n<figure class=\"wp-block-image\"><img decoding=\"async\" src=\"https:\/\/static.xx.fbcdn.net\/images\/emoji.php\/v9\/t4b\/2\/16\/1f4cc.png\" alt=\"\ud83d\udccc\"\/><\/figure>\n\n\n\n<p>Se <a><\/a>desarroll\u00f3 la segunda jornada del IV Congreso Nacional de Educaci\u00f3n Cat\u00f3lica, un espacio de reflexi\u00f3n, di\u00e1logo y formaci\u00f3n que reuni\u00f3 a directivos, docentes y representantes de instituciones educativas de todo el pa\u00eds.<\/p>\n\n\n\n<p>Durante la jornada se presentaron las L\u00edneas Orientadoras para la Educaci\u00f3n Cat\u00f3lica, as\u00ed como la entrega de certificados a las instituciones que culminaron su proceso de autoevaluaci\u00f3n, fortaleciendo el compromiso con la mejora continua.<\/p>\n\n\n\n<p>Con este encuentro, seguimos consolidando la identidad, misi\u00f3n y excelencia de la educaci\u00f3n cat\u00f3lica en Paraguay, promoviendo comunidades educativas comprometidas con el servicio, la fe y el desarrollo integral de la persona.<\/p>\n\n\n\n<p><a href=\"https:\/\/www.facebook.com\/hashtag\/educaci%C3%B3ncat%C3%B3lica?__eep__=6&amp;__cft__[0]=AZWEYy9G5XMXXjojr6ZrhFRhM7PKXon1qQP9yTmL5L6GQC3JBm3EPX3oK0SpwOGx3T9hVdGTqjpxn2tqxGp7RsKVGmrwyscox25aLe7HywmpjNmNgXbHY0SqAa_BDL1n_SEHGWXU6a53U4gUumZ5DQi77Ey3DnA5fHmeWREPbozdlkVhb2OVB7aCjbMPoVyS9bQ&amp;__tn__=*NK-R\">#Educaci\u00f3nCat\u00f3lica<\/a><a href=\"https:\/\/www.facebook.com\/hashtag\/congresonacional?__eep__=6&amp;__cft__[0]=AZWEYy9G5XMXXjojr6ZrhFRhM7PKXon1qQP9yTmL5L6GQC3JBm3EPX3oK0SpwOGx3T9hVdGTqjpxn2tqxGp7RsKVGmrwyscox25aLe7HywmpjNmNgXbHY0SqAa_BDL1n_SEHGWXU6a53U4gUumZ5DQi77Ey3DnA5fHmeWREPbozdlkVhb2OVB7aCjbMPoVyS9bQ&amp;__tn__=*NK-R\">#CongresoNacional<\/a><a href=\"https:\/\/www.facebook.com\/hashtag\/formaci%C3%B3n?__eep__=6&amp;__cft__[0]=AZWEYy9G5XMXXjojr6ZrhFRhM7PKXon1qQP9yTmL5L6GQC3JBm3EPX3oK0SpwOGx3T9hVdGTqjpxn2tqxGp7RsKVGmrwyscox25aLe7HywmpjNmNgXbHY0SqAa_BDL1n_SEHGWXU6a53U4gUumZ5DQi77Ey3DnA5fHmeWREPbozdlkVhb2OVB7aCjbMPoVyS9bQ&amp;__tn__=*NK-R\">#Formaci\u00f3n<\/a><a href=\"https:\/\/www.facebook.com\/hashtag\/identidadymisi%C3%B3n?__eep__=6&amp;__cft__[0]=AZWEYy9G5XMXXjojr6ZrhFRhM7PKXon1qQP9yTmL5L6GQC3JBm3EPX3oK0SpwOGx3T9hVdGTqjpxn2tqxGp7RsKVGmrwyscox25aLe7HywmpjNmNgXbHY0SqAa_BDL1n_SEHGWXU6a53U4gUumZ5DQi77Ey3DnA5fHmeWREPbozdlkVhb2OVB7aCjbMPoVyS9bQ&amp;__tn__=*NK-R\">#IdentidadYMisi\u00f3n<\/a><a href=\"https:\/\/www.facebook.com\/hashtag\/calidadeducativa?__eep__=6&amp;__cft__[0]=AZWEYy9G5XMXXjojr6ZrhFRhM7PKXon1qQP9yTmL5L6GQC3JBm3EPX3oK0SpwOGx3T9hVdGTqjpxn2tqxGp7RsKVGmrwyscox25aLe7HywmpjNmNgXbHY0SqAa_BDL1n_SEHGWXU6a53U4gUumZ5DQi77Ey3DnA5fHmeWREPbozdlkVhb2OVB7aCjbMPoVyS9bQ&amp;__tn__=*NK-R\">#CalidadEducativa<\/a><a href=\"https:\/\/www.facebook.com\/hashtag\/paraguay?__eep__=6&amp;__cft__[0]=AZWEYy9G5XMXXjojr6ZrhFRhM7PKXon1qQP9yTmL5L6GQC3JBm3EPX3oK0SpwOGx3T9hVdGTqjpxn2tqxGp7RsKVGmrwyscox25aLe7HywmpjNmNgXbHY0SqAa_BDL1n_SEHGWXU6a53U4gUumZ5DQi77Ey3DnA5fHmeWREPbozdlkVhb2OVB7aCjbMPoVyS9bQ&amp;__tn__=*NK-R\">#Paraguay<\/a><\/p>\n\n\n\n<figure class=\"wp-block-image size-large\"><img loading=\"lazy\" decoding=\"async\" width=\"1024\" height=\"683\" src=\"https:\/\/episcopal.org.py\/wp-content\/uploads\/2025\/11\/586199276_1271599401671932_8616369900817606598_n-1024x683.jpg\" alt=\"\" class=\"wp-image-458\" srcset=\"https:\/\/episcopal.org.py\/wp-content\/uploads\/2025\/11\/586199276_1271599401671932_8616369900817606598_n-1024x683.jpg 1024w, https:\/\/episcopal.org.py\/wp-content\/uploads\/2025\/11\/586199276_1271599401671932_8616369900817606598_n-300x200.jpg 300w, https:\/\/episcopal.org.py\/wp-content\/uploads\/2025\/11\/586199276_1271599401671932_8616369900817606598_n-768x512.jpg 768w, https:\/\/episcopal.org.py\/wp-content\/uploads\/2025\/11\/586199276_1271599401671932_8616369900817606598_n.jpg 1440w\" sizes=\"auto, (max-width: 1024px) 100vw, 1024px\" \/><\/figure>\n\n\n\n<figure class=\"wp-block-image size-large\"><img loading=\"lazy\" decoding=\"async\" width=\"1024\" height=\"683\" src=\"https:\/\/episcopal.org.py\/wp-content\/uploads\/2025\/11\/586324614_1271599331671939_5795290158474365294_n-1024x683.jpg\" alt=\"\" class=\"wp-image-459\" srcset=\"https:\/\/episcopal.org.py\/wp-content\/uploads\/2025\/11\/586324614_1271599331671939_5795290158474365294_n-1024x683.jpg 1024w, https:\/\/episcopal.org.py\/wp-content\/uploads\/2025\/11\/586324614_1271599331671939_5795290158474365294_n-300x200.jpg 300w, https:\/\/episcopal.org.py\/wp-content\/uploads\/2025\/11\/586324614_1271599331671939_5795290158474365294_n-768x512.jpg 768w, https:\/\/episcopal.org.py\/wp-content\/uploads\/2025\/11\/586324614_1271599331671939_5795290158474365294_n-1536x1024.jpg 1536w, https:\/\/episcopal.org.py\/wp-content\/uploads\/2025\/11\/586324614_1271599331671939_5795290158474365294_n.jpg 2048w\" sizes=\"auto, (max-width: 1024px) 100vw, 1024px\" \/><\/figure>\n","protected":false},"excerpt":{"rendered":"<p>Se desarroll\u00f3 la segunda jornada del IV Congreso Nacional de Educaci\u00f3n Cat\u00f3lica, un espacio de reflexi\u00f3n, di\u00e1logo y formaci\u00f3n que reuni\u00f3 a directivos, docentes y representantes de instituciones educativas de [&hellip;]<\/p>\n","protected":false},"author":1,"featured_media":460,"comment_status":"open","ping_status":"open","sticky":false,"template":"","format":"standard","meta":{"_monsterinsights_skip_tracking":false,"_monsterinsights_sitenote_active":false,"_monsterinsights_sitenote_note":"","_monsterinsights_sitenote_category":0,"_jetpack_memberships_contains_paid_content":false,"footnotes":""},"categories":[1],"tags":[],"class_list":["post-457","post","type-post","status-publish","format-standard","has-post-thumbnail","hentry","category-uncategorized"],"jetpack_featured_media_url":"https:\/\/episcopal.org.py\/wp-content\/uploads\/2025\/11\/586365623_1271599391671933_9220636763811106040_n.jpg","jetpack_sharing_enabled":true,"_links":{"self":[{"href":"https:\/\/episcopal.org.py\/index.php?rest_route=\/wp\/v2\/posts\/457","targetHints":{"allow":["GET"]}}],"collection":[{"href":"https:\/\/episcopal.org.py\/index.php?rest_route=\/wp\/v2\/posts"}],"about":[{"href":"https:\/\/episcopal.org.py\/index.php?rest_route=\/wp\/v2\/types\/post"}],"author":[{"embeddable":true,"href":"https:\/\/episcopal.org.py\/index.php?rest_route=\/wp\/v2\/users\/1"}],"replies":[{"embeddable":true,"href":"https:\/\/episcopal.org.py\/index.php?rest_route=%2Fwp%2Fv2%2Fcomments&post=457"}],"version-history":[{"count":2,"href":"https:\/\/episcopal.org.py\/index.php?rest_route=\/wp\/v2\/posts\/457\/revisions"}],"predecessor-version":[{"id":462,"href":"https:\/\/episcopal.org.py\/index.php?rest_route=\/wp\/v2\/posts\/457\/revisions\/462"}],"wp:featuredmedia":[{"embeddable":true,"href":"https:\/\/episcopal.org.py\/index.php?rest_route=\/wp\/v2\/media\/460"}],"wp:attachment":[{"href":"https:\/\/episcopal.org.py\/index.php?rest_route=%2Fwp%2Fv2%2Fmedia&parent=457"}],"wp:term":[{"taxonomy":"category","embeddable":true,"href":"https:\/\/episcopal.org.py\/index.php?rest_route=%2Fwp%2Fv2%2Fcategories&post=457"},{"taxonomy":"post_tag","embeddable":true,"href":"https:\/\/episcopal.org.py\/index.php?rest_route=%2Fwp%2Fv2%2Ftags&post=457"}],"curies":[{"name":"wp","href":"https:\/\/api.w.org\/{rel}","templated":true}]}}