{"id":453,"date":"2025-11-22T17:00:26","date_gmt":"2025-11-22T17:00:26","guid":{"rendered":"https:\/\/episcopal.org.py\/?p=453"},"modified":"2025-11-22T17:00:26","modified_gmt":"2025-11-22T17:00:26","slug":"inicio-la-vi-jornada-nacional-de-formacion-en-cultura-del-cuidado-y-prevencion-de-abusos-en-ambitos-eclesiales","status":"publish","type":"post","link":"https:\/\/episcopal.org.py\/?p=453","title":{"rendered":"Inici\u00f3 la VI Jornada Nacional de Formaci\u00f3n en Cultura del Cuidado y Prevenci\u00f3n de Abusos en \u00c1mbitos Eclesiales"},"content":{"rendered":"\n<p><a><\/a>Esta ma\u00f1ana se dio apertura a la VI Jornada Nacional de Formaci\u00f3n en Cultura del Cuidado y Prevenci\u00f3n de Abusos en \u00c1mbitos Eclesiales, realizada en el sal\u00f3n Benedicto XVI del Seminario Metropolitano.<\/p>\n\n\n\n<p>El encuentro, organizado por la Comisi\u00f3n Episcopal de Protecci\u00f3n de Menores y Adultos en Situaci\u00f3n de Vulnerabilidad, est\u00e1 dirigido a los miembros de las Comisiones Diocesanas de Prevenci\u00f3n de Abusos y a agentes pastorales comprometidos con esta misi\u00f3n.<\/p>\n\n\n\n<p>La programaci\u00f3n incluy\u00f3 ponencias sobre la realidad nacional en materia de abusos y la presentaci\u00f3n del Sistema Nacional de Prevenci\u00f3n y Abordaje de Abusos, fortaleciendo los procesos de formaci\u00f3n y protecci\u00f3n dentro de la Iglesia.<\/p>\n\n\n\n<p>La jornada continuar\u00e1 ma\u00f1ana, s\u00e1bado 22 de noviembre, con el segundo d\u00eda de actividades.<\/p>\n\n\n\n<p><img loading=\"lazy\" decoding=\"async\" height=\"16\" width=\"16\" alt=\"\ud83d\udccc\" src=\"https:\/\/static.xx.fbcdn.net\/images\/emoji.php\/v9\/t4b\/2\/16\/1f4cc.png\"> Informaci\u00f3n \u2014 Arzobispado de Asunci\u00f3n<\/p>\n\n\n\n<p><a href=\"https:\/\/www.facebook.com\/hashtag\/encuentro?__eep__=6&amp;__cft__[0]=AZXOKe1BZKhHeKo2YyFYSY2p_1bsqjF4V2Pv6frb5BhgfWpIcA3Rtmvu6Ipek1YXEtzYT30udzKcvJEtwn_prhqZNM7A9rb7x3v45XMUjaxVURszv3VWMs52g_bY9AiMI6EdTlKPj6BTtF9rH9Azih7IByNPxHF3fjx9QOSE7aP2PtCadsyZjpq6FKXj25QDfno&amp;__tn__=*NK-R\">#Encuentro<\/a><a href=\"https:\/\/www.facebook.com\/hashtag\/papaleonxiv?__eep__=6&amp;__cft__[0]=AZXOKe1BZKhHeKo2YyFYSY2p_1bsqjF4V2Pv6frb5BhgfWpIcA3Rtmvu6Ipek1YXEtzYT30udzKcvJEtwn_prhqZNM7A9rb7x3v45XMUjaxVURszv3VWMs52g_bY9AiMI6EdTlKPj6BTtF9rH9Azih7IByNPxHF3fjx9QOSE7aP2PtCadsyZjpq6FKXj25QDfno&amp;__tn__=*NK-R\">#PapaLeonXIV<\/a><a href=\"https:\/\/www.facebook.com\/hashtag\/iglesiauniversal?__eep__=6&amp;__cft__[0]=AZXOKe1BZKhHeKo2YyFYSY2p_1bsqjF4V2Pv6frb5BhgfWpIcA3Rtmvu6Ipek1YXEtzYT30udzKcvJEtwn_prhqZNM7A9rb7x3v45XMUjaxVURszv3VWMs52g_bY9AiMI6EdTlKPj6BTtF9rH9Azih7IByNPxHF3fjx9QOSE7aP2PtCadsyZjpq6FKXj25QDfno&amp;__tn__=*NK-R\">#IglesiaUniversal<\/a><a href=\"https:\/\/www.facebook.com\/hashtag\/caacup%C3%A92025?__eep__=6&amp;__cft__[0]=AZXOKe1BZKhHeKo2YyFYSY2p_1bsqjF4V2Pv6frb5BhgfWpIcA3Rtmvu6Ipek1YXEtzYT30udzKcvJEtwn_prhqZNM7A9rb7x3v45XMUjaxVURszv3VWMs52g_bY9AiMI6EdTlKPj6BTtF9rH9Azih7IByNPxHF3fjx9QOSE7aP2PtCadsyZjpq6FKXj25QDfno&amp;__tn__=*NK-R\">#Caacup\u00e92025<\/a><a href=\"https:\/\/www.facebook.com\/hashtag\/comunicadorescat%C3%B3licos?__eep__=6&amp;__cft__[0]=AZXOKe1BZKhHeKo2YyFYSY2p_1bsqjF4V2Pv6frb5BhgfWpIcA3Rtmvu6Ipek1YXEtzYT30udzKcvJEtwn_prhqZNM7A9rb7x3v45XMUjaxVURszv3VWMs52g_bY9AiMI6EdTlKPj6BTtF9rH9Azih7IByNPxHF3fjx9QOSE7aP2PtCadsyZjpq6FKXj25QDfno&amp;__tn__=*NK-R\">#ComunicadoresCat\u00f3licos<\/a><\/p>\n\n\n\n<figure class=\"wp-block-image size-large\"><img loading=\"lazy\" decoding=\"async\" width=\"1024\" height=\"683\" src=\"https:\/\/episcopal.org.py\/wp-content\/uploads\/2025\/11\/586554029_1271556775009528_8217621889789165072_n-1024x683.jpg\" alt=\"\" class=\"wp-image-454\" srcset=\"https:\/\/episcopal.org.py\/wp-content\/uploads\/2025\/11\/586554029_1271556775009528_8217621889789165072_n-1024x683.jpg 1024w, https:\/\/episcopal.org.py\/wp-content\/uploads\/2025\/11\/586554029_1271556775009528_8217621889789165072_n-300x200.jpg 300w, https:\/\/episcopal.org.py\/wp-content\/uploads\/2025\/11\/586554029_1271556775009528_8217621889789165072_n-768x512.jpg 768w, https:\/\/episcopal.org.py\/wp-content\/uploads\/2025\/11\/586554029_1271556775009528_8217621889789165072_n-1536x1024.jpg 1536w, https:\/\/episcopal.org.py\/wp-content\/uploads\/2025\/11\/586554029_1271556775009528_8217621889789165072_n.jpg 2048w\" sizes=\"auto, (max-width: 1024px) 100vw, 1024px\" \/><\/figure>\n","protected":false},"excerpt":{"rendered":"<p>Esta ma\u00f1ana se dio apertura a la VI Jornada Nacional de Formaci\u00f3n en Cultura del Cuidado y Prevenci\u00f3n de Abusos en \u00c1mbitos Eclesiales, realizada en el sal\u00f3n Benedicto XVI del [&hellip;]<\/p>\n","protected":false},"author":1,"featured_media":455,"comment_status":"open","ping_status":"open","sticky":false,"template":"","format":"standard","meta":{"_monsterinsights_skip_tracking":false,"_monsterinsights_sitenote_active":false,"_monsterinsights_sitenote_note":"","_monsterinsights_sitenote_category":0,"_jetpack_memberships_contains_paid_content":false,"footnotes":""},"categories":[1],"tags":[],"class_list":["post-453","post","type-post","status-publish","format-standard","has-post-thumbnail","hentry","category-uncategorized"],"jetpack_featured_media_url":"https:\/\/episcopal.org.py\/wp-content\/uploads\/2025\/11\/586427500_1271556781676194_5530897794565159579_n.jpg","jetpack_sharing_enabled":true,"_links":{"self":[{"href":"https:\/\/episcopal.org.py\/index.php?rest_route=\/wp\/v2\/posts\/453","targetHints":{"allow":["GET"]}}],"collection":[{"href":"https:\/\/episcopal.org.py\/index.php?rest_route=\/wp\/v2\/posts"}],"about":[{"href":"https:\/\/episcopal.org.py\/index.php?rest_route=\/wp\/v2\/types\/post"}],"author":[{"embeddable":true,"href":"https:\/\/episcopal.org.py\/index.php?rest_route=\/wp\/v2\/users\/1"}],"replies":[{"embeddable":true,"href":"https:\/\/episcopal.org.py\/index.php?rest_route=%2Fwp%2Fv2%2Fcomments&post=453"}],"version-history":[{"count":1,"href":"https:\/\/episcopal.org.py\/index.php?rest_route=\/wp\/v2\/posts\/453\/revisions"}],"predecessor-version":[{"id":456,"href":"https:\/\/episcopal.org.py\/index.php?rest_route=\/wp\/v2\/posts\/453\/revisions\/456"}],"wp:featuredmedia":[{"embeddable":true,"href":"https:\/\/episcopal.org.py\/index.php?rest_route=\/wp\/v2\/media\/455"}],"wp:attachment":[{"href":"https:\/\/episcopal.org.py\/index.php?rest_route=%2Fwp%2Fv2%2Fmedia&parent=453"}],"wp:term":[{"taxonomy":"category","embeddable":true,"href":"https:\/\/episcopal.org.py\/index.php?rest_route=%2Fwp%2Fv2%2Fcategories&post=453"},{"taxonomy":"post_tag","embeddable":true,"href":"https:\/\/episcopal.org.py\/index.php?rest_route=%2Fwp%2Fv2%2Ftags&post=453"}],"curies":[{"name":"wp","href":"https:\/\/api.w.org\/{rel}","templated":true}]}}