{"id":311,"date":"2025-06-14T12:57:53","date_gmt":"2025-06-14T12:57:53","guid":{"rendered":"https:\/\/episcopal.org.py\/?p=311"},"modified":"2025-06-14T12:57:53","modified_gmt":"2025-06-14T12:57:53","slug":"coordinacion-nacional-de-abp","status":"publish","type":"post","link":"https:\/\/episcopal.org.py\/?p=311","title":{"rendered":"Coordinaci\u00f3n Nacional de ABP"},"content":{"rendered":"\n<p><\/p>\n\n\n\n<p>Segunda reuni\u00f3n del a\u00f1o<\/p>\n\n\n\n<p>Di\u00f3cesis de San Juan Bautista de las Misiones<\/p>\n\n\n\n<p><img loading=\"lazy\" decoding=\"async\" height=\"16\" width=\"16\" alt=\"\ud83d\uddd3\" src=\"https:\/\/static.xx.fbcdn.net\/images\/emoji.php\/v9\/t5c\/1\/16\/1f5d3.png\"> 12 y 13 de junio de 2025<\/p>\n\n\n\n<p>Con la participaci\u00f3n de los coordinadores diocesanos de todo el pa\u00eds, se lleva a cabo la segunda reuni\u00f3n nacional de la Animaci\u00f3n B\u00edblica de la Pastoral (ABP), un espacio de comuni\u00f3n, reflexi\u00f3n y proyecci\u00f3n en el servicio pastoral de la Palabra de Dios. <img loading=\"lazy\" decoding=\"async\" height=\"16\" width=\"16\" alt=\"\ud83d\ude4f\" src=\"https:\/\/static.xx.fbcdn.net\/images\/emoji.php\/v9\/t80\/1\/16\/1f64f.png\"><img loading=\"lazy\" decoding=\"async\" height=\"16\" width=\"16\" alt=\"\ud83d\udcd6\" src=\"https:\/\/static.xx.fbcdn.net\/images\/emoji.php\/v9\/t9e\/1\/16\/1f4d6.png\"><\/p>\n\n\n\n<p>\u00a1Acompa\u00f1amos con la oraci\u00f3n este importante encuentro de nuestra Iglesia!<\/p>\n","protected":false},"excerpt":{"rendered":"<p>Segunda reuni\u00f3n del a\u00f1o Di\u00f3cesis de San Juan Bautista de las Misiones 12 y 13 de junio de 2025 Con la participaci\u00f3n de los coordinadores diocesanos de todo el pa\u00eds, [&hellip;]<\/p>\n","protected":false},"author":1,"featured_media":312,"comment_status":"open","ping_status":"open","sticky":false,"template":"","format":"standard","meta":{"_monsterinsights_skip_tracking":false,"_monsterinsights_sitenote_active":false,"_monsterinsights_sitenote_note":"","_monsterinsights_sitenote_category":0,"_jetpack_memberships_contains_paid_content":false,"footnotes":""},"categories":[25],"tags":[],"class_list":["post-311","post","type-post","status-publish","format-standard","has-post-thumbnail","hentry","category-abp"],"jetpack_featured_media_url":"https:\/\/episcopal.org.py\/wp-content\/uploads\/2025\/06\/ABP.jpg","jetpack_sharing_enabled":true,"_links":{"self":[{"href":"https:\/\/episcopal.org.py\/index.php?rest_route=\/wp\/v2\/posts\/311","targetHints":{"allow":["GET"]}}],"collection":[{"href":"https:\/\/episcopal.org.py\/index.php?rest_route=\/wp\/v2\/posts"}],"about":[{"href":"https:\/\/episcopal.org.py\/index.php?rest_route=\/wp\/v2\/types\/post"}],"author":[{"embeddable":true,"href":"https:\/\/episcopal.org.py\/index.php?rest_route=\/wp\/v2\/users\/1"}],"replies":[{"embeddable":true,"href":"https:\/\/episcopal.org.py\/index.php?rest_route=%2Fwp%2Fv2%2Fcomments&post=311"}],"version-history":[{"count":1,"href":"https:\/\/episcopal.org.py\/index.php?rest_route=\/wp\/v2\/posts\/311\/revisions"}],"predecessor-version":[{"id":313,"href":"https:\/\/episcopal.org.py\/index.php?rest_route=\/wp\/v2\/posts\/311\/revisions\/313"}],"wp:featuredmedia":[{"embeddable":true,"href":"https:\/\/episcopal.org.py\/index.php?rest_route=\/wp\/v2\/media\/312"}],"wp:attachment":[{"href":"https:\/\/episcopal.org.py\/index.php?rest_route=%2Fwp%2Fv2%2Fmedia&parent=311"}],"wp:term":[{"taxonomy":"category","embeddable":true,"href":"https:\/\/episcopal.org.py\/index.php?rest_route=%2Fwp%2Fv2%2Fcategories&post=311"},{"taxonomy":"post_tag","embeddable":true,"href":"https:\/\/episcopal.org.py\/index.php?rest_route=%2Fwp%2Fv2%2Ftags&post=311"}],"curies":[{"name":"wp","href":"https:\/\/api.w.org\/{rel}","templated":true}]}}