{"id":280,"date":"2025-05-09T00:41:01","date_gmt":"2025-05-09T00:41:01","guid":{"rendered":"https:\/\/episcopal.org.py\/?p=280"},"modified":"2025-05-09T00:41:01","modified_gmt":"2025-05-09T00:41:01","slug":"annuntio-vobis-gaudium-magnum-habemus-papam","status":"publish","type":"post","link":"https:\/\/episcopal.org.py\/?p=280","title":{"rendered":"Annuntio vobis gaudium magnum: Habemus Papam"},"content":{"rendered":"\n<p>El Cardenal Robert Francis Pr\u00e9vost, Obispo de Albano, nacido en Chicago y con 69 a\u00f1os, ha sido elegido como el nuevo Sucesor de San Pedro.<\/p>\n\n\n\n<p>Con alegr\u00eda, la Iglesia acoge al Papa Le\u00f3n XIV, llamado a guiar al Pueblo de Dios con fe, esperanza y valent\u00eda.<\/p>\n\n\n\n<p><\/p>\n","protected":false},"excerpt":{"rendered":"<p>El Cardenal Robert Francis Pr\u00e9vost, Obispo de Albano, nacido en Chicago y con 69 a\u00f1os, ha sido elegido como el nuevo Sucesor de San Pedro. Con alegr\u00eda, la Iglesia acoge [&hellip;]<\/p>\n","protected":false},"author":1,"featured_media":281,"comment_status":"open","ping_status":"open","sticky":false,"template":"","format":"standard","meta":{"_monsterinsights_skip_tracking":false,"_monsterinsights_sitenote_active":false,"_monsterinsights_sitenote_note":"","_monsterinsights_sitenote_category":0,"_jetpack_memberships_contains_paid_content":false,"footnotes":""},"categories":[9],"tags":[],"class_list":["post-280","post","type-post","status-publish","format-standard","has-post-thumbnail","hentry","category-cep"],"jetpack_featured_media_url":"https:\/\/episcopal.org.py\/wp-content\/uploads\/2025\/05\/495602251_1109669387864935_6566841387457740875_n.jpg","jetpack_sharing_enabled":true,"_links":{"self":[{"href":"https:\/\/episcopal.org.py\/index.php?rest_route=\/wp\/v2\/posts\/280","targetHints":{"allow":["GET"]}}],"collection":[{"href":"https:\/\/episcopal.org.py\/index.php?rest_route=\/wp\/v2\/posts"}],"about":[{"href":"https:\/\/episcopal.org.py\/index.php?rest_route=\/wp\/v2\/types\/post"}],"author":[{"embeddable":true,"href":"https:\/\/episcopal.org.py\/index.php?rest_route=\/wp\/v2\/users\/1"}],"replies":[{"embeddable":true,"href":"https:\/\/episcopal.org.py\/index.php?rest_route=%2Fwp%2Fv2%2Fcomments&post=280"}],"version-history":[{"count":2,"href":"https:\/\/episcopal.org.py\/index.php?rest_route=\/wp\/v2\/posts\/280\/revisions"}],"predecessor-version":[{"id":283,"href":"https:\/\/episcopal.org.py\/index.php?rest_route=\/wp\/v2\/posts\/280\/revisions\/283"}],"wp:featuredmedia":[{"embeddable":true,"href":"https:\/\/episcopal.org.py\/index.php?rest_route=\/wp\/v2\/media\/281"}],"wp:attachment":[{"href":"https:\/\/episcopal.org.py\/index.php?rest_route=%2Fwp%2Fv2%2Fmedia&parent=280"}],"wp:term":[{"taxonomy":"category","embeddable":true,"href":"https:\/\/episcopal.org.py\/index.php?rest_route=%2Fwp%2Fv2%2Fcategories&post=280"},{"taxonomy":"post_tag","embeddable":true,"href":"https:\/\/episcopal.org.py\/index.php?rest_route=%2Fwp%2Fv2%2Ftags&post=280"}],"curies":[{"name":"wp","href":"https:\/\/api.w.org\/{rel}","templated":true}]}}