{"id":238,"date":"2025-04-24T13:59:00","date_gmt":"2025-04-24T13:59:00","guid":{"rendered":"https:\/\/episcopal.org.py\/?p=238"},"modified":"2025-04-24T13:59:02","modified_gmt":"2025-04-24T13:59:02","slug":"asi-se-desarrollaran-los-novendiales-en-sufragio-por-el-papa-francisco","status":"publish","type":"post","link":"https:\/\/episcopal.org.py\/?p=238","title":{"rendered":"As\u00ed se desarrollar\u00e1n los novendiales en sufragio por el Papa Francisco"},"content":{"rendered":"\n<p>La Oficina de las Celebraciones Lit\u00fargicas Pontificias anuncia los d\u00edas y horarios de las celebraciones especiales de la Eucarist\u00eda que tienen lugar tras la muerte de un Papa, seg\u00fan una antigua costumbre.<\/p>\n\n\n\n<p>La Oficina de Celebraciones Lit\u00fargicas Pontificias ha anunciado, este mi\u00e9rcoles 23 de abril de 2025 por la tarde, que, \u00abseg\u00fan una antigua costumbre, durante nueve d\u00edas consecutivos se celebran celebraciones especiales de la Eucarist\u00eda en sufragio del Romano Pont\u00edfice fallecido, comenzando por la Misa Exequial\u00bb.<\/p>\n\n\n\n<p>Estas celebraciones est\u00e1n abiertas a todos. Prev\u00e9n, sin embargo, la participaci\u00f3n de un grupo diferente cada d\u00eda, teniendo en cuenta sus v\u00ednculos con el Romano Pont\u00edfice. Esta variedad de asambleas muestra, en cierto modo, tanto el alcance del ministerio del Pastor supremo como la universalidad de la Iglesia de Roma (cf. Ordo Exsequiarum Romani Pontificis, nn. 124-125).<\/p>\n\n\n\n<p>La Misa exequial por el Romano Pont\u00edfice Francisco, en el primer d\u00eda de los Novendiales, tendr\u00e1 lugar el 26 de abril de 2025 a las 10 horas en la explanada de la Bas\u00edlica de San Pedro.<\/p>\n\n\n\n<p>En los d\u00edas sucesivos las celebraciones de los Novendiales en sufragio del Papa difunto continuar\u00e1n del siguiente modo:<\/p>\n\n\n\n<p>D\u00eda 2: domingo 27 de abril, a las 10.30 horas, en el parvis de la bas\u00edlica vaticana.<\/p>\n\n\n\n<p>La concelebraci\u00f3n estar\u00e1 presidida por Su Eminencia el Cardenal Pietro Parolin, ex Secretario de Estado.<\/p>\n\n\n\n<p>D\u00eda 3: Lunes 28 de abril, a las 17.00 horas, en la bas\u00edlica vaticana.<\/p>\n\n\n\n<p>La concelebraci\u00f3n estar\u00e1 presidida por Su Eminencia el Cardenal Baldassare Reina, Vicario General de Su Santidad para la Di\u00f3cesis de Roma.<\/p>\n\n\n\n<p>D\u00eda 4: Martes 29 de abril, 17.00 h, en la Bas\u00edlica Vaticana: los Cap\u00edtulos de las Bas\u00edlicas Pontificias.<\/p>\n\n\n\n<p>La concelebraci\u00f3n estar\u00e1 presidida por Su Eminencia el Cardenal Mauro Gambetti, Arcipreste de la Bas\u00edlica Papal de San Pedro del Vaticano.<\/p>\n\n\n\n<p>5\u00ba d\u00eda: Mi\u00e9rcoles 30 de abril, a las 17.00 horas, en la Bas\u00edlica Vaticana: Capilla Papal.<\/p>\n\n\n\n<p>La concelebraci\u00f3n estar\u00e1 presidida por Su Eminencia el Cardenal Leonardo Sandri, Vicedecano del Colegio Cardenalicio.<\/p>\n\n\n\n<p>D\u00eda 6: Jueves 1 de mayo, a las 17.00 horas, en la bas\u00edlica vaticana: Curia romana.<\/p>\n\n\n\n<p>La concelebraci\u00f3n estar\u00e1 presidida por Su Eminencia el Cardenal Kevin Joseph Farrell, Camarlengo de la Santa Iglesia Romana.<\/p>\n\n\n\n<p>D\u00eda 7: Viernes 2 de mayo, 17.00 horas, en la Bas\u00edlica Vaticana: las Iglesias Orientales.<\/p>\n\n\n\n<p>La concelebraci\u00f3n ser\u00e1 presidida por Su Eminencia el Cardenal Claudio Gugerotti, ex Prefecto del Dicasterio para las Iglesias Orientales.<\/p>\n\n\n\n<p>D\u00eda 8: s\u00e1bado 3 de mayo, 17.00 horas, en la bas\u00edlica vaticana: miembros de los Institutos de vida consagrada y de las Sociedades de vida apost\u00f3lica.<\/p>\n\n\n\n<p>Presidir\u00e1 la concelebraci\u00f3n Su Eminencia el Cardenal \u00c1ngel Fern\u00e1ndez Artime, ex Pro-Prefecto del Dicasterio para los Institutos de Vida Consagrada y las Sociedades de Vida Apost\u00f3lica.<\/p>\n\n\n\n<p>D\u00eda 9: Domingo 4 de mayo, 17.00 h, en la Bas\u00edlica Vaticana: Capilla Papal. La concelebraci\u00f3n ser\u00e1 presidida por Su Eminencia el Cardenal Dominique Mamberti, Protodi\u00e1cono del Colegio Cardenalicio.<\/p>\n\n\n\n<p>Las concelebraciones en las Capillas Pontificias de los d\u00edas 30 de abril y 4 de mayo est\u00e1n reservadas \u00fanicamente a los Cardenales. Estar\u00e1n en la Capilla de San Sebasti\u00e1n de la Bas\u00edlica a las 16.15 horas, con la mitra blanca adamascada<\/p>\n\n\n\n<p>En conformidad con el Motu Proprio \u00abPontificalis Domus\u00bb, todos los miembros de la Capilla Pontificia que deseen participar en las celebraciones lit\u00fargicas sin concelebrar deber\u00e1n llevar su propio h\u00e1bito coral.<\/p>\n\n\n\n<p>Fuente: Vatican News<\/p>\n","protected":false},"excerpt":{"rendered":"<p>La Oficina de las Celebraciones Lit\u00fargicas Pontificias anuncia los d\u00edas y horarios de las celebraciones especiales de la Eucarist\u00eda que tienen lugar tras la muerte de un Papa, seg\u00fan una [&hellip;]<\/p>\n","protected":false},"author":1,"featured_media":239,"comment_status":"open","ping_status":"open","sticky":false,"template":"","format":"standard","meta":{"_monsterinsights_skip_tracking":false,"_monsterinsights_sitenote_active":false,"_monsterinsights_sitenote_note":"","_monsterinsights_sitenote_category":0,"_jetpack_memberships_contains_paid_content":false,"footnotes":""},"categories":[9],"tags":[],"class_list":["post-238","post","type-post","status-publish","format-standard","has-post-thumbnail","hentry","category-cep"],"jetpack_featured_media_url":"https:\/\/episcopal.org.py\/wp-content\/uploads\/2025\/04\/papa.jpg","jetpack_sharing_enabled":true,"_links":{"self":[{"href":"https:\/\/episcopal.org.py\/index.php?rest_route=\/wp\/v2\/posts\/238","targetHints":{"allow":["GET"]}}],"collection":[{"href":"https:\/\/episcopal.org.py\/index.php?rest_route=\/wp\/v2\/posts"}],"about":[{"href":"https:\/\/episcopal.org.py\/index.php?rest_route=\/wp\/v2\/types\/post"}],"author":[{"embeddable":true,"href":"https:\/\/episcopal.org.py\/index.php?rest_route=\/wp\/v2\/users\/1"}],"replies":[{"embeddable":true,"href":"https:\/\/episcopal.org.py\/index.php?rest_route=%2Fwp%2Fv2%2Fcomments&post=238"}],"version-history":[{"count":1,"href":"https:\/\/episcopal.org.py\/index.php?rest_route=\/wp\/v2\/posts\/238\/revisions"}],"predecessor-version":[{"id":240,"href":"https:\/\/episcopal.org.py\/index.php?rest_route=\/wp\/v2\/posts\/238\/revisions\/240"}],"wp:featuredmedia":[{"embeddable":true,"href":"https:\/\/episcopal.org.py\/index.php?rest_route=\/wp\/v2\/media\/239"}],"wp:attachment":[{"href":"https:\/\/episcopal.org.py\/index.php?rest_route=%2Fwp%2Fv2%2Fmedia&parent=238"}],"wp:term":[{"taxonomy":"category","embeddable":true,"href":"https:\/\/episcopal.org.py\/index.php?rest_route=%2Fwp%2Fv2%2Fcategories&post=238"},{"taxonomy":"post_tag","embeddable":true,"href":"https:\/\/episcopal.org.py\/index.php?rest_route=%2Fwp%2Fv2%2Ftags&post=238"}],"curies":[{"name":"wp","href":"https:\/\/api.w.org\/{rel}","templated":true}]}}