{"id":189,"date":"2025-04-14T18:51:19","date_gmt":"2025-04-14T18:51:19","guid":{"rendered":"https:\/\/episcopal.org.py\/?p=189"},"modified":"2025-04-14T18:52:43","modified_gmt":"2025-04-14T18:52:43","slug":"reunion-de-la-pastoral-de-comunicacion-nacional-de-la-cep","status":"publish","type":"post","link":"https:\/\/episcopal.org.py\/?p=189","title":{"rendered":"Reuni\u00f3n de la Pastoral de Comunicaci\u00f3n Nacional de la CEP"},"content":{"rendered":"\n<p>El s\u00e1bado 12 de abril, en modalidad telem\u00e1tica, se llev\u00f3 a cabo una reuni\u00f3n de la Pastoral de Comunicaci\u00f3n Nacional de la Conferencia Episcopal Paraguaya (CEP). El encuentro cont\u00f3 con la participaci\u00f3n de Mons. Ricardo Valenzuela, obispo de Caacup\u00e9 y responsable de esta pastoral a nivel nacional, as\u00ed como de referentes diocesanos, representantes de la Conferencia de Religiosos del Paraguay (Conferpar), la Comisi\u00f3n Nacional de Pastoral Ind\u00edgena (Conapi) y otros estamentos que forman parte de la coordinaci\u00f3n.<\/p>\n\n\n\n<p>Durante la reuni\u00f3n se abordaron varios temas importantes, entre ellos: un resumen de lo vivido en el Jubileo del mundo de las comunicaciones; la presentaci\u00f3n de los misioneros digitales, la organizaci\u00f3n de la Jornada Mundial de las Comunicaciones Sociales, que se celebrar\u00e1 los d\u00edas 31 de mayo y 1 de junio en la Di\u00f3cesis de San Lorenzo; y la revisi\u00f3n del reglamento y protocolo de acci\u00f3n de la Pastoral de Comunicaci\u00f3n.<\/p>\n\n\n\n<p><a href=\"https:\/\/www.facebook.com\/hashtag\/jubileo2025?__eep__=6&amp;__cft__[0]=AZWZQQem5L6FRbQngSKG2XDagZArE_zYTXGZeBqV6RYO63v0AXzQLO6cj9rWFkLc6SFIy4kJ0YoMGOq4TNDZafNwLVTyE4QzIbpodcW-MvRxH4nhe3HpnqqcwmyMDx6DoEXtVZ4Q7Ym5-OuyiNldQdDs6JvtPl4Onuhf-lV8h9wdFQD0lznIh3S1bZdt_SUfQIY&amp;__tn__=*NK-R\">#jubileo2025<\/a><a href=\"https:\/\/www.facebook.com\/hashtag\/sinodalidad?__eep__=6&amp;__cft__[0]=AZWZQQem5L6FRbQngSKG2XDagZArE_zYTXGZeBqV6RYO63v0AXzQLO6cj9rWFkLc6SFIy4kJ0YoMGOq4TNDZafNwLVTyE4QzIbpodcW-MvRxH4nhe3HpnqqcwmyMDx6DoEXtVZ4Q7Ym5-OuyiNldQdDs6JvtPl4Onuhf-lV8h9wdFQD0lznIh3S1bZdt_SUfQIY&amp;__tn__=*NK-R\">#Sinodalidad<\/a><a href=\"https:\/\/www.facebook.com\/hashtag\/obispos?__eep__=6&amp;__cft__[0]=AZWZQQem5L6FRbQngSKG2XDagZArE_zYTXGZeBqV6RYO63v0AXzQLO6cj9rWFkLc6SFIy4kJ0YoMGOq4TNDZafNwLVTyE4QzIbpodcW-MvRxH4nhe3HpnqqcwmyMDx6DoEXtVZ4Q7Ym5-OuyiNldQdDs6JvtPl4Onuhf-lV8h9wdFQD0lznIh3S1bZdt_SUfQIY&amp;__tn__=*NK-R\">#Obispos<\/a><a href=\"https:\/\/www.facebook.com\/hashtag\/paraguay?__eep__=6&amp;__cft__[0]=AZWZQQem5L6FRbQngSKG2XDagZArE_zYTXGZeBqV6RYO63v0AXzQLO6cj9rWFkLc6SFIy4kJ0YoMGOq4TNDZafNwLVTyE4QzIbpodcW-MvRxH4nhe3HpnqqcwmyMDx6DoEXtVZ4Q7Ym5-OuyiNldQdDs6JvtPl4Onuhf-lV8h9wdFQD0lznIh3S1bZdt_SUfQIY&amp;__tn__=*NK-R\">#paraguay<\/a><a href=\"https:\/\/www.facebook.com\/hashtag\/comunicaciones?__eep__=6&amp;__cft__[0]=AZWZQQem5L6FRbQngSKG2XDagZArE_zYTXGZeBqV6RYO63v0AXzQLO6cj9rWFkLc6SFIy4kJ0YoMGOq4TNDZafNwLVTyE4QzIbpodcW-MvRxH4nhe3HpnqqcwmyMDx6DoEXtVZ4Q7Ym5-OuyiNldQdDs6JvtPl4Onuhf-lV8h9wdFQD0lznIh3S1bZdt_SUfQIY&amp;__tn__=*NK-R\">#Comunicaciones<\/a><\/p>\n\n\n\n<p><\/p>\n","protected":false},"excerpt":{"rendered":"<p>El s\u00e1bado 12 de abril, en modalidad telem\u00e1tica, se llev\u00f3 a cabo una reuni\u00f3n de la Pastoral de Comunicaci\u00f3n Nacional de la Conferencia Episcopal Paraguaya (CEP). El encuentro cont\u00f3 con [&hellip;]<\/p>\n","protected":false},"author":1,"featured_media":190,"comment_status":"open","ping_status":"open","sticky":false,"template":"","format":"standard","meta":{"_monsterinsights_skip_tracking":false,"_monsterinsights_sitenote_active":false,"_monsterinsights_sitenote_note":"","_monsterinsights_sitenote_category":0,"_jetpack_memberships_contains_paid_content":false,"footnotes":""},"categories":[16],"tags":[],"class_list":["post-189","post","type-post","status-publish","format-standard","has-post-thumbnail","hentry","category-pastoral-de-comunicacion-nacional"],"jetpack_featured_media_url":"https:\/\/episcopal.org.py\/wp-content\/uploads\/2025\/04\/FOTO-PASTORAL.jpg","jetpack_sharing_enabled":true,"_links":{"self":[{"href":"https:\/\/episcopal.org.py\/index.php?rest_route=\/wp\/v2\/posts\/189","targetHints":{"allow":["GET"]}}],"collection":[{"href":"https:\/\/episcopal.org.py\/index.php?rest_route=\/wp\/v2\/posts"}],"about":[{"href":"https:\/\/episcopal.org.py\/index.php?rest_route=\/wp\/v2\/types\/post"}],"author":[{"embeddable":true,"href":"https:\/\/episcopal.org.py\/index.php?rest_route=\/wp\/v2\/users\/1"}],"replies":[{"embeddable":true,"href":"https:\/\/episcopal.org.py\/index.php?rest_route=%2Fwp%2Fv2%2Fcomments&post=189"}],"version-history":[{"count":2,"href":"https:\/\/episcopal.org.py\/index.php?rest_route=\/wp\/v2\/posts\/189\/revisions"}],"predecessor-version":[{"id":192,"href":"https:\/\/episcopal.org.py\/index.php?rest_route=\/wp\/v2\/posts\/189\/revisions\/192"}],"wp:featuredmedia":[{"embeddable":true,"href":"https:\/\/episcopal.org.py\/index.php?rest_route=\/wp\/v2\/media\/190"}],"wp:attachment":[{"href":"https:\/\/episcopal.org.py\/index.php?rest_route=%2Fwp%2Fv2%2Fmedia&parent=189"}],"wp:term":[{"taxonomy":"category","embeddable":true,"href":"https:\/\/episcopal.org.py\/index.php?rest_route=%2Fwp%2Fv2%2Fcategories&post=189"},{"taxonomy":"post_tag","embeddable":true,"href":"https:\/\/episcopal.org.py\/index.php?rest_route=%2Fwp%2Fv2%2Ftags&post=189"}],"curies":[{"name":"wp","href":"https:\/\/api.w.org\/{rel}","templated":true}]}}